{"id":3620,"date":"2016-03-25T05:30:39","date_gmt":"2016-03-25T04:30:39","guid":{"rendered":"http:\/\/www.marionetrenaud.fr\/tdm\/?p=3620"},"modified":"2016-03-25T08:26:28","modified_gmt":"2016-03-25T07:26:28","slug":"campeche","status":"publish","type":"post","link":"https:\/\/www.marionetrenaud.fr\/tdm\/campeche\/","title":{"rendered":"Campeche et M\u00e9rida, nos derni\u00e8res villes coloniales"},"content":{"rendered":"<p dir=\"ltr\" style=\"text-align: justify;\"><strong>Campeche<\/strong> est notre premi\u00e8re \u00e9tape dans ce que l&rsquo;on appelle la <strong>p\u00e9ninsule du Yucat\u00e1n<\/strong>. Cette p\u00e9ninsule est toutefois form\u00e9e par plusieurs r\u00e9gions : le Yucat\u00e1n en effet avec Merida, Valladolid et le fameux Chichen Itza, mais \u00e9galement le Campeche (avec la ville de Campeche et l&rsquo;acc\u00e8s au golfe du Mexique) et le Quintana Roo o\u00f9 se trouvent Canc\u00fan, Tulum et toute la c\u00f4te des Cara\u00efbes.<!--more--><\/p>\n<p dir=\"ltr\" style=\"text-align: justify;\">Depuis Palenque, les seuls bus faisant le trajet direct jusque Campeche sont hors de prix (presque 25\u20ac\/personne pour 5h de trajet&#8230;). Apr\u00e8s avoir demand\u00e9 \u00e0 de nombreuses personnes les autres possibilit\u00e9s, <strong>nous partons donc de bonne heure pour un trajet hach\u00e9<\/strong>. Nous prenons un premier mini-bus pour \u00ab\u00a0Playas\u00a0\u00bb, une petite ville au bord d&rsquo;un lac. Nous sommes d\u00e9pos\u00e9s au bord de la route principale pour avoir une correspondance. A ce moment, nous demandons \u00e0 une famille de locaux l&rsquo;heure et le prix du bus pour la prochaine grande ville, Escarcega. Le bus est dans 2h et co\u00fbterait presque 10\u20ac pour 2h&#8230; Ayant du temps devant nous, nous d\u00e9cidons de tenter de faire du stop. Sur cette grande route, \u00e7a devrait fonctionner ! Nous nous positionnons devant des camions et faisons des signes \u00e0 chaque voiture. Le temps passe et personne ne s&rsquo;arr\u00eate malgr\u00e9 le fait qu&rsquo;ils aient de la place dans leur voiture. Nous nous rendons compte que dans les pays plus d\u00e9velopp\u00e9s, le stop fonctionne nettement moins bien&#8230; Finalement, le camion devant lequel nous \u00e9tions part et nous fait signe de venir. Il accepte de nous d\u00e9poser \u00e0 Escarcega, nous sommes ravis! Je suis install\u00e9 sur sa banquette, Marion sur le si\u00e8ge passager de ce camion double-remorque. L&rsquo;int\u00e9rieur fait penser \u00e0 un tableau de bord d&rsquo;avion tellement il y a de boutons! Nous passons le trajet \u00e0 discuter avec <strong>Enrique<\/strong> (surnomm\u00e9 Kik\u00e9), le conducteur. Quelques jours apr\u00e8s, il continue d&rsquo;ailleurs \u00e0 nous envoyer des messages sur Whatsapp. A l&rsquo;entr\u00e9e d&rsquo;Escarcega, il se renseigne pour connaitre le moyen le moins cher de rejoindre pour nous Campeche et nous d\u00e9pose pr\u00e8s d&rsquo;une station de mini-bus. Le prochain d\u00e9part est dans 45 minutes, le temps d&rsquo;acheter quelques pains pour manger. Nous partons pour une fois en avance et arrivons \u00e0 Campeche environ 2h plus tard.<\/p>\n<p dir=\"ltr\" style=\"text-align: center;\"><a href=\"https:\/\/i0.wp.com\/www.marionetrenaud.fr\/tdm\/wp-content\/uploads\/2016\/03\/enrique-e1458592400668.jpg\" data-rel=\"lightbox-gallery-mNcgjybu\" data-rl_title=\"\" data-rl_caption=\"\" title=\"\"><img decoding=\"async\" loading=\"lazy\" class=\"aligncenter size-medium wp-image-3611\" src=\"https:\/\/i0.wp.com\/www.marionetrenaud.fr\/tdm\/wp-content\/uploads\/2016\/03\/enrique-e1458592400668-361x500.jpg?resize=361%2C500\" alt=\"enrique\" width=\"361\" height=\"500\" srcset=\"https:\/\/i0.wp.com\/www.marionetrenaud.fr\/tdm\/wp-content\/uploads\/2016\/03\/enrique-e1458592400668.jpg?resize=361%2C500&amp;ssl=1 361w, https:\/\/i0.wp.com\/www.marionetrenaud.fr\/tdm\/wp-content\/uploads\/2016\/03\/enrique-e1458592400668.jpg?w=740&amp;ssl=1 740w\" sizes=\"(max-width: 361px) 100vw, 361px\" data-recalc-dims=\"1\" \/><\/a><\/p>\n<p dir=\"ltr\" style=\"text-align: center;\"><em>Le camion dans lequel nous venons de faire le trajet<\/em><\/p>\n<p dir=\"ltr\" style=\"text-align: justify;\">Tant bien que mal nous trouvons un h\u00f4tel pas trop cher et pas trop mal dans la vielle ville.<br \/>\n<strong>Campeche<\/strong>, inscrite au Patrimoine mondial de l&rsquo;Unesco depuis 1999, <strong>dispose d&rsquo;un magnifique centre colonial<\/strong>. Les fa\u00e7ades des maisons sont superbement restaur\u00e9es et peintes avec diff\u00e9rents tons pastel. La ville \u00e9tait la seule cit\u00e9 fortifi\u00e9e du Mexique, jusqu&rsquo;\u00e0 ce qu&rsquo;un gouverneur, il y a environ 50 ans de cela, d\u00e9cide de la d\u00e9molir en partie soi-disant pour chercher de l&rsquo;or et un tr\u00e9sor.<\/p>\n<p dir=\"ltr\" style=\"text-align: justify;\"><a href=\"https:\/\/i1.wp.com\/www.marionetrenaud.fr\/tdm\/wp-content\/uploads\/2016\/03\/facades_campeche_1.jpg\" data-rel=\"lightbox-gallery-mNcgjybu\" data-rl_title=\"\" data-rl_caption=\"\" title=\"\"><img decoding=\"async\" loading=\"lazy\" class=\"aligncenter size-medium wp-image-3612\" src=\"https:\/\/i1.wp.com\/www.marionetrenaud.fr\/tdm\/wp-content\/uploads\/2016\/03\/facades_campeche_1.jpg?resize=500%2C332\" alt=\"facades_campeche_1\" width=\"500\" height=\"332\" srcset=\"https:\/\/i1.wp.com\/www.marionetrenaud.fr\/tdm\/wp-content\/uploads\/2016\/03\/facades_campeche_1.jpg?resize=500%2C332&amp;ssl=1 500w, https:\/\/i1.wp.com\/www.marionetrenaud.fr\/tdm\/wp-content\/uploads\/2016\/03\/facades_campeche_1.jpg?w=1024&amp;ssl=1 1024w\" sizes=\"(max-width: 500px) 100vw, 500px\" data-recalc-dims=\"1\" \/><\/a><\/p>\n<p dir=\"ltr\" style=\"text-align: justify;\"><a href=\"https:\/\/i2.wp.com\/www.marionetrenaud.fr\/tdm\/wp-content\/uploads\/2016\/03\/facades_campeche_2.jpg\" data-rel=\"lightbox-gallery-mNcgjybu\" data-rl_title=\"\" data-rl_caption=\"\" title=\"\"><img decoding=\"async\" loading=\"lazy\" class=\"aligncenter size-medium wp-image-3613\" src=\"https:\/\/i2.wp.com\/www.marionetrenaud.fr\/tdm\/wp-content\/uploads\/2016\/03\/facades_campeche_2.jpg?resize=500%2C332\" alt=\"facades_campeche_2\" width=\"500\" height=\"332\" srcset=\"https:\/\/i2.wp.com\/www.marionetrenaud.fr\/tdm\/wp-content\/uploads\/2016\/03\/facades_campeche_2.jpg?resize=500%2C332&amp;ssl=1 500w, https:\/\/i2.wp.com\/www.marionetrenaud.fr\/tdm\/wp-content\/uploads\/2016\/03\/facades_campeche_2.jpg?w=1024&amp;ssl=1 1024w\" sizes=\"(max-width: 500px) 100vw, 500px\" data-recalc-dims=\"1\" \/><\/a><\/p>\n<p dir=\"ltr\" style=\"text-align: center;\"><em>Quelques fa\u00e7ades de maisons<\/em><\/p>\n<p dir=\"ltr\" style=\"text-align: justify;\">Le front de mer de Campeche est \u00e9galement agr\u00e9able avec une balade pi\u00e9tonne. Malheureusement pas de plage ici. D&rsquo;une part, un remblais a \u00e9t\u00e9 cr\u00e9\u00e9 pour agrandir la ville (la mer allait jusqu&rsquo;aux pieds des remparts \u00e0 l&rsquo;\u00e9poque) et d&rsquo;autre part, la r\u00e9gion est le plus important r\u00e9servoir de p\u00e9trole du Mexique, l&rsquo;exploitation polluant ainsi les eaux du Golfe.<\/p>\n<p dir=\"ltr\" style=\"text-align: justify;\"><a href=\"https:\/\/i2.wp.com\/www.marionetrenaud.fr\/tdm\/wp-content\/uploads\/2016\/03\/campeche_4.jpg\" data-rel=\"lightbox-gallery-mNcgjybu\" data-rl_title=\"\" data-rl_caption=\"\" title=\"\"><img decoding=\"async\" loading=\"lazy\" class=\"aligncenter size-medium wp-image-3619\" src=\"https:\/\/i2.wp.com\/www.marionetrenaud.fr\/tdm\/wp-content\/uploads\/2016\/03\/campeche_4.jpg?resize=500%2C375\" alt=\"DCIM100GOPROG0319345.\" width=\"500\" height=\"375\" srcset=\"https:\/\/i2.wp.com\/www.marionetrenaud.fr\/tdm\/wp-content\/uploads\/2016\/03\/campeche_4.jpg?resize=500%2C375&amp;ssl=1 500w, https:\/\/i2.wp.com\/www.marionetrenaud.fr\/tdm\/wp-content\/uploads\/2016\/03\/campeche_4.jpg?w=1024&amp;ssl=1 1024w\" sizes=\"(max-width: 500px) 100vw, 500px\" data-recalc-dims=\"1\" \/><\/a><\/p>\n<p dir=\"ltr\" style=\"text-align: justify;\"><a href=\"https:\/\/i2.wp.com\/www.marionetrenaud.fr\/tdm\/wp-content\/uploads\/2016\/03\/campeche_3.jpg\" data-rel=\"lightbox-gallery-mNcgjybu\" data-rl_title=\"\" data-rl_caption=\"\" title=\"\"><img decoding=\"async\" loading=\"lazy\" class=\"aligncenter size-medium wp-image-3618\" src=\"https:\/\/i2.wp.com\/www.marionetrenaud.fr\/tdm\/wp-content\/uploads\/2016\/03\/campeche_3.jpg?resize=500%2C375\" alt=\"DCIM100GOPROG0309326.\" width=\"500\" height=\"375\" srcset=\"https:\/\/i2.wp.com\/www.marionetrenaud.fr\/tdm\/wp-content\/uploads\/2016\/03\/campeche_3.jpg?resize=500%2C375&amp;ssl=1 500w, https:\/\/i2.wp.com\/www.marionetrenaud.fr\/tdm\/wp-content\/uploads\/2016\/03\/campeche_3.jpg?w=1024&amp;ssl=1 1024w\" sizes=\"(max-width: 500px) 100vw, 500px\" data-recalc-dims=\"1\" \/><\/a><\/p>\n<p dir=\"ltr\" style=\"text-align: justify;\">La ville est vraiment agr\u00e9able \u00e0 visiter, se balader \u00e0 travers ses rues pav\u00e9es ou en bord de mer aura \u00e9t\u00e9 notre occupation pendant cette journ\u00e9e et demie.<\/p>\n<p dir=\"ltr\" style=\"text-align: justify;\"><a href=\"https:\/\/i2.wp.com\/www.marionetrenaud.fr\/tdm\/wp-content\/uploads\/2016\/03\/marche_campeche_2-e1458592358406.jpg\" data-rel=\"lightbox-gallery-mNcgjybu\" data-rl_title=\"\" data-rl_caption=\"\" title=\"\"><img decoding=\"async\" loading=\"lazy\" class=\"aligncenter size-medium wp-image-3615\" src=\"https:\/\/i1.wp.com\/www.marionetrenaud.fr\/tdm\/wp-content\/uploads\/2016\/03\/marche_campeche_2-e1458592358406-332x500.jpg?resize=332%2C500\" alt=\"marche_campeche_2\" width=\"332\" height=\"500\" srcset=\"https:\/\/i2.wp.com\/www.marionetrenaud.fr\/tdm\/wp-content\/uploads\/2016\/03\/marche_campeche_2-e1458592358406.jpg?resize=332%2C500&amp;ssl=1 332w, https:\/\/i2.wp.com\/www.marionetrenaud.fr\/tdm\/wp-content\/uploads\/2016\/03\/marche_campeche_2-e1458592358406.jpg?w=680&amp;ssl=1 680w\" sizes=\"(max-width: 332px) 100vw, 332px\" data-recalc-dims=\"1\" \/><\/a><\/p>\n<p dir=\"ltr\" style=\"text-align: justify;\"><a href=\"https:\/\/i2.wp.com\/www.marionetrenaud.fr\/tdm\/wp-content\/uploads\/2016\/03\/marche_campeche_1.jpg\" data-rel=\"lightbox-gallery-mNcgjybu\" data-rl_title=\"\" data-rl_caption=\"\" title=\"\"><img decoding=\"async\" loading=\"lazy\" class=\"aligncenter wp-image-3614 size-medium\" src=\"https:\/\/i2.wp.com\/www.marionetrenaud.fr\/tdm\/wp-content\/uploads\/2016\/03\/marche_campeche_1.jpg?resize=332%2C500\" alt=\"marche_campeche_1\" width=\"332\" height=\"500\" srcset=\"https:\/\/i2.wp.com\/www.marionetrenaud.fr\/tdm\/wp-content\/uploads\/2016\/03\/marche_campeche_1.jpg?resize=332%2C500&amp;ssl=1 332w, https:\/\/i2.wp.com\/www.marionetrenaud.fr\/tdm\/wp-content\/uploads\/2016\/03\/marche_campeche_1.jpg?w=680&amp;ssl=1 680w\" sizes=\"(max-width: 332px) 100vw, 332px\" data-recalc-dims=\"1\" \/><\/a><\/p>\n<p dir=\"ltr\" style=\"text-align: center;\"><em>Le march\u00e9 de Campeche, ames sensibles s&rsquo;abstenir !<\/em><\/p>\n<p dir=\"ltr\" style=\"text-align: center;\"><a href=\"https:\/\/i1.wp.com\/www.marionetrenaud.fr\/tdm\/wp-content\/uploads\/2016\/03\/campeche_1-e1458592444703.jpg\" data-rel=\"lightbox-gallery-mNcgjybu\" data-rl_title=\"\" data-rl_caption=\"\" title=\"\"><img decoding=\"async\" loading=\"lazy\" class=\"aligncenter size-medium wp-image-3608\" src=\"https:\/\/i1.wp.com\/www.marionetrenaud.fr\/tdm\/wp-content\/uploads\/2016\/03\/campeche_1-e1458592444703-348x500.jpg?resize=348%2C500\" alt=\"campeche_1\" width=\"348\" height=\"500\" srcset=\"https:\/\/i1.wp.com\/www.marionetrenaud.fr\/tdm\/wp-content\/uploads\/2016\/03\/campeche_1-e1458592444703.jpg?resize=348%2C500&amp;ssl=1 348w, https:\/\/i1.wp.com\/www.marionetrenaud.fr\/tdm\/wp-content\/uploads\/2016\/03\/campeche_1-e1458592444703.jpg?w=713&amp;ssl=1 713w\" sizes=\"(max-width: 348px) 100vw, 348px\" data-recalc-dims=\"1\" \/><\/a><\/p>\n<p dir=\"ltr\" style=\"text-align: center;\"><a href=\"https:\/\/i1.wp.com\/www.marionetrenaud.fr\/tdm\/wp-content\/uploads\/2016\/03\/campeche_de_nuit-e1458592411537.jpg\" data-rel=\"lightbox-gallery-mNcgjybu\" data-rl_title=\"\" data-rl_caption=\"\" title=\"\"><img decoding=\"async\" loading=\"lazy\" class=\"aligncenter size-medium wp-image-3610\" src=\"https:\/\/i1.wp.com\/www.marionetrenaud.fr\/tdm\/wp-content\/uploads\/2016\/03\/campeche_de_nuit-e1458592411537-332x500.jpg?resize=332%2C500\" alt=\"campeche_de_nuit\" width=\"332\" height=\"500\" srcset=\"https:\/\/i1.wp.com\/www.marionetrenaud.fr\/tdm\/wp-content\/uploads\/2016\/03\/campeche_de_nuit-e1458592411537.jpg?resize=332%2C500&amp;ssl=1 332w, https:\/\/i1.wp.com\/www.marionetrenaud.fr\/tdm\/wp-content\/uploads\/2016\/03\/campeche_de_nuit-e1458592411537.jpg?w=680&amp;ssl=1 680w\" sizes=\"(max-width: 332px) 100vw, 332px\" data-recalc-dims=\"1\" \/><\/a><\/p>\n<p dir=\"ltr\" style=\"text-align: center;\"><em>Le zocalo de Campeche, de jour puis de nuit<\/em><\/p>\n<p dir=\"ltr\" style=\"text-align: justify;\">Apr\u00e8s Campeche, nous rejoignons <strong>M\u00e9rida<\/strong>, capitale du Yucat\u00e1n. La ville, avec son million d&rsquo;habitants, est vraiment grande. C&rsquo;est la premi\u00e8re ville de cette taille que nous faisons depuis un moment et nous retrouvons l&rsquo;agitation des passants, le bruit des voitures,&#8230;<br \/>\nMerida est principalement l&rsquo;occasion pour moi de visiter le <strong>Gran Museo del Mundo Maya<\/strong> (pas besoin de traduction hein?!). Ce mus\u00e9e retrace l&rsquo;histoire de la culture maya, depuis la chute de la m\u00e9t\u00e9orite dans le Yucat\u00e1n ayant particip\u00e9 \u00e0 la derni\u00e8re extinction massive d&rsquo;esp\u00e8ces (dont notamment les dinosaures) jusqu&rsquo;aux mayas d&rsquo;aujourd&rsquo;hui. Il faut savoir que les mayas ne sont pas que les habitants des cit\u00e9s telles que Tikal, Palenque, etc. Ce sont aussi actuellement une partie des peuples mexicain, guat\u00e9malt\u00e8que et hondurien, qui vit dans une tradition ancestrale. Le mus\u00e9e est vraiment int\u00e9ressant, notamment pour en apprendre plus sur la fa\u00e7on de compter des mayas, leurs traditions mais aussi pour voir de superbes objets d&rsquo;\u00e9poque.<\/p>\n<p dir=\"ltr\" style=\"text-align: justify;\"><a href=\"https:\/\/i0.wp.com\/www.marionetrenaud.fr\/tdm\/wp-content\/uploads\/2016\/03\/musee_maya_merida_2.jpg\" data-rel=\"lightbox-gallery-mNcgjybu\" data-rl_title=\"\" data-rl_caption=\"\" title=\"\"><img decoding=\"async\" loading=\"lazy\" class=\"aligncenter size-medium wp-image-3607\" src=\"https:\/\/i0.wp.com\/www.marionetrenaud.fr\/tdm\/wp-content\/uploads\/2016\/03\/musee_maya_merida_2.jpg?resize=332%2C500\" alt=\"musee_maya_merida_2\" width=\"332\" height=\"500\" srcset=\"https:\/\/i0.wp.com\/www.marionetrenaud.fr\/tdm\/wp-content\/uploads\/2016\/03\/musee_maya_merida_2.jpg?resize=332%2C500&amp;ssl=1 332w, https:\/\/i0.wp.com\/www.marionetrenaud.fr\/tdm\/wp-content\/uploads\/2016\/03\/musee_maya_merida_2.jpg?w=680&amp;ssl=1 680w\" sizes=\"(max-width: 332px) 100vw, 332px\" data-recalc-dims=\"1\" \/><\/a><\/p>\n<p dir=\"ltr\" style=\"text-align: center;\"><a href=\"https:\/\/i0.wp.com\/www.marionetrenaud.fr\/tdm\/wp-content\/uploads\/2016\/03\/musee_maya_merida-e1458592334165.jpg\" data-rel=\"lightbox-gallery-mNcgjybu\" data-rl_title=\"\" data-rl_caption=\"\" title=\"\"><img decoding=\"async\" loading=\"lazy\" class=\"aligncenter size-medium wp-image-3617\" src=\"https:\/\/i1.wp.com\/www.marionetrenaud.fr\/tdm\/wp-content\/uploads\/2016\/03\/musee_maya_merida-e1458592334165-332x500.jpg?resize=332%2C500\" alt=\"musee_maya_merida\" width=\"332\" height=\"500\" srcset=\"https:\/\/i0.wp.com\/www.marionetrenaud.fr\/tdm\/wp-content\/uploads\/2016\/03\/musee_maya_merida-e1458592334165.jpg?resize=332%2C500&amp;ssl=1 332w, https:\/\/i0.wp.com\/www.marionetrenaud.fr\/tdm\/wp-content\/uploads\/2016\/03\/musee_maya_merida-e1458592334165.jpg?w=680&amp;ssl=1 680w\" sizes=\"(max-width: 332px) 100vw, 332px\" data-recalc-dims=\"1\" \/><\/a><\/p>\n<p dir=\"ltr\" style=\"text-align: center;\"><em>Deux pi\u00e8ces du mus\u00e9e parmi tant d&rsquo;autres<\/em><\/p>\n<p dir=\"ltr\" style=\"text-align: justify;\">Quant \u00e0 la ville de M\u00e9rida, elle offre quelques beaux b\u00e2timents coloniaux, principalement situ\u00e9s autour du zocalo, la place principale.<\/p>\n<p dir=\"ltr\" style=\"text-align: justify;\"><a href=\"https:\/\/i1.wp.com\/www.marionetrenaud.fr\/tdm\/wp-content\/uploads\/2016\/03\/merida.jpg\" data-rel=\"lightbox-gallery-mNcgjybu\" data-rl_title=\"\" data-rl_caption=\"\" title=\"\"><img decoding=\"async\" loading=\"lazy\" class=\"aligncenter size-medium wp-image-3616\" src=\"https:\/\/i1.wp.com\/www.marionetrenaud.fr\/tdm\/wp-content\/uploads\/2016\/03\/merida.jpg?resize=500%2C332\" alt=\"merida\" width=\"500\" height=\"332\" srcset=\"https:\/\/i1.wp.com\/www.marionetrenaud.fr\/tdm\/wp-content\/uploads\/2016\/03\/merida.jpg?resize=500%2C332&amp;ssl=1 500w, https:\/\/i1.wp.com\/www.marionetrenaud.fr\/tdm\/wp-content\/uploads\/2016\/03\/merida.jpg?w=1024&amp;ssl=1 1024w\" sizes=\"(max-width: 500px) 100vw, 500px\" data-recalc-dims=\"1\" \/><\/a><\/p>\n<p dir=\"ltr\" style=\"text-align: center;\"><em>Le zocalo de Merida<\/em><\/p>\n<blockquote>\n<p dir=\"ltr\" style=\"text-align: justify;\"><span style=\"font-size: 12pt;\"><strong>Les astuces de M &amp; R<\/strong><\/span><\/p>\n<ul>\n<li dir=\"ltr\" style=\"text-align: justify;\"><span style=\"text-decoration: underline;\"><em>trajet de Palenque \u00e0 Campeche :<\/em><\/span> la compagnie ADO propose 3 d\u00e9parts par jour dont 2 qui vous feront arriver au beau milieu de la nuit pour 386$ par personne. <strong>Nous n&rsquo;avons trouv\u00e9 aucun autre trajet direct<\/strong>. Il est sinon possible de d\u00e9couper le trajet en plusieurs \u00e9tapes, diminuant d&rsquo;environ\u00a0100 $ le prix du trajet par personne :\n<ul>\n<li dir=\"ltr\" style=\"text-align: justify;\"><span style=\"text-decoration: underline;\"><em>bus de Palenque \u00e0 Playas :<\/em><\/span> les mini-bus partent toutes les 15 minutes de Palenque pour Playas. Le trajet co\u00fbte\u00a025 $ par personne pour environ 40 minutes. Demandez \u00e0 \u00eatre d\u00e9pos\u00e9 sur la route pour aller \u00e0 Escarcega.<\/li>\n<li dir=\"ltr\" style=\"text-align: justify;\"><span style=\"text-decoration: underline;\"><em>de Playas \u00e0 Escarcega :<\/em><\/span> visiblement un bus de la compagnie Sur passe vers 10h pour rejoindre Escarcega. Le prix du billet serait de 150-160 $ par personne pour 2h de trajet.<\/li>\n<li dir=\"ltr\" style=\"text-align: justify;\"><span style=\"text-decoration: underline;\"><em>d&rsquo;Escarcega \u00e0 Campeche :<\/em><\/span> un mini-bus part \u00e0 13h juste \u00e0 c\u00f4t\u00e9 du terminal de la compagnie Sur \u00e0 Escarcega. Le trajet dure environ 2h et co\u00fbte\u00a080 $ par personne.<\/li>\n<\/ul>\n<\/li>\n<li dir=\"ltr\" style=\"text-align: justify;\"><span style=\"text-decoration: underline;\"><em>h\u00e9bergement \u00e0 Campeche :<\/em><\/span> nous avons log\u00e9 \u00e0 la <strong>Casa Risueno<\/strong> situ\u00e9e en face de l&rsquo;h\u00f4tel Plaza Colonial. Le prix de la chambre est de\u00a0360 $ avec salle de bains, Wifi et une petite terrasse commune sympa.<\/li>\n<li dir=\"ltr\" style=\"text-align: justify;\"><span style=\"text-decoration: underline;\"><em>trajet Campeche &#8211; M\u00e9rida :<\/em><\/span> il existe des bus directs pour M\u00e9rida mais le prix est un peu plus cher que la solution en deux \u00e9tapes :\n<ul>\n<li dir=\"ltr\" style=\"text-align: justify;\"><span style=\"text-decoration: underline;\">mini-bus de Campeche \u00e0 Calkini :<\/span> ils partent d&rsquo;une petite rue situ\u00e9e avant la station de bus lorsqu&rsquo;ils sont pleins. Le trajet co\u00fbte 50 $ par personne pour 1h15.<\/li>\n<li dir=\"ltr\" style=\"text-align: justify;\"><span style=\"text-decoration: underline;\">mini-bus de Calkini \u00e0 M\u00e9rida :<\/span> les mini-bus partent de l&rsquo;autre c\u00f4t\u00e9 du zocalo, \u00e9galement lorsqu&rsquo;ils sont pleins. Le trajet co\u00fbte 50 $ par personne pour 1h30 environ. Il y a parfois des r\u00e9ductions \u00e0 35 $.<\/li>\n<\/ul>\n<\/li>\n<li><span style=\"text-decoration: underline;\"><em>h\u00e9bergement \u00e0 M\u00e9rida :<\/em><\/span> nous avons \u00e9t\u00e9 \u00e0 l&rsquo;<strong>h\u00f4tel San Jos\u00e9<\/strong>, situ\u00e9 \u00e0\u00a0 2 pas du Zocalo. Ce n&rsquo;est vraiment pas terrible mais pour une nuit \u00e7a faisait l&rsquo;affaire. La chambre co\u00fbte 260 $ avec la salle de bains et internet.<\/li>\n<li><span style=\"text-decoration: underline;\"><em>bus de M\u00e9rida au mus\u00e9e du monde maya :<\/em><\/span> les bus partent derri\u00e8re la cath\u00e9drale. Il faut prendre un bus en direction de <strong>Gran Plaza<\/strong>. Le mus\u00e9e est \u00e0 l&rsquo;arr\u00eat\u00a0juste avant, sur le grand boulevard. Le trajet co\u00fbte 7 $ et dure entre 30 et 45 minutes.<\/li>\n<li><span style=\"text-decoration: underline;\"><em>entr\u00e9e du mus\u00e9e du monde maya :<\/em><\/span> contrairement aux informations du Routard, l&rsquo;entr\u00e9e co\u00fbte 150 $ et non 50 $! Le mus\u00e9e est vraiment \u00e0 faire si vous vous int\u00e9ressez \u00e0 l&rsquo;histoire maya.<\/li>\n<\/ul>\n<\/blockquote>\n<p dir=\"ltr\" style=\"text-align: justify;\"><span style=\"text-decoration: underline;\">O\u00f9 se trouvent Campeche et M\u00e9rida ?<\/span><\/p>\n<p dir=\"ltr\" style=\"text-align: justify;\"><div id='mapp0-layout' class='mapp-layout mapp-left mapp-leaflet  mapp-align-center' style='width: 425px;'><div class='mapp-wrapper' style='height: 350px' ><div class='mapp-main'><div class='mapp-canvas-panel'><div class='mapp-canvas' id='mapp0'><\/div><div class='mapp-controls'><\/div><div class='mapp-iw'><\/div><div class='mapp-dialog'><\/div><\/div><\/div><\/div><div class='mapp-directions'><span class='mapp-close' data-mapp-action='dir-cancel'><\/span><a href='#' class='mapp-myloc' data-mapp-action='dir-myloc'>Mon emplacement<\/a><div><input class='mapp-dir-addr mapp-dir-saddr' tabindex='1'\/><span data-mapp-action='dir-swap' class='mapp-dir-arrows'><\/span><\/div><div><input class='mapp-dir-addr mapp-dir-daddr' tabindex='2'\/><\/div><div class='mapp-dir-toolbar'><span class='mapp-button-submit' data-mapp-action='dir-get'>Itin\u00e9raires<\/span><span class='mapp-spinner'><\/span><\/div><div class='mapp-dir-renderer'><\/div><\/div><\/div><\/p>\n","protected":false},"excerpt":{"rendered":"<p>Campeche est notre premi\u00e8re \u00e9tape dans ce que l&rsquo;on appelle la p\u00e9ninsule du Yucat\u00e1n. Cette p\u00e9ninsule est toutefois form\u00e9e par plusieurs r\u00e9gions : le Yucat\u00e1n en effet avec Merida, Valladolid et le fameux Chichen Itza, mais \u00e9galement le Campeche (avec la ville de Campeche et l&rsquo;acc\u00e8s au golfe du Mexique) et le Quintana Roo o\u00f9 [&hellip;]<\/p>\n","protected":false},"author":1,"featured_media":3609,"comment_status":"open","ping_status":"open","sticky":false,"template":"","format":"standard","meta":{"sharing_disabled":false,"switch_like_status":false,"spay_email":"","jetpack_publicize_message":""},"categories":[19],"tags":[264,263,265,259],"jetpack_featured_media_url":"https:\/\/i0.wp.com\/www.marionetrenaud.fr\/tdm\/wp-content\/uploads\/2016\/03\/campeche_2.jpg?fit=1024%2C680&ssl=1","jetpack_publicize_connections":[],"jetpack_shortlink":"https:\/\/wp.me\/s4XfH7-campeche","_links":{"self":[{"href":"https:\/\/www.marionetrenaud.fr\/tdm\/wp-json\/wp\/v2\/posts\/3620"}],"collection":[{"href":"https:\/\/www.marionetrenaud.fr\/tdm\/wp-json\/wp\/v2\/posts"}],"about":[{"href":"https:\/\/www.marionetrenaud.fr\/tdm\/wp-json\/wp\/v2\/types\/post"}],"author":[{"embeddable":true,"href":"https:\/\/www.marionetrenaud.fr\/tdm\/wp-json\/wp\/v2\/users\/1"}],"replies":[{"embeddable":true,"href":"https:\/\/www.marionetrenaud.fr\/tdm\/wp-json\/wp\/v2\/comments?post=3620"}],"version-history":[{"count":14,"href":"https:\/\/www.marionetrenaud.fr\/tdm\/wp-json\/wp\/v2\/posts\/3620\/revisions"}],"predecessor-version":[{"id":3634,"href":"https:\/\/www.marionetrenaud.fr\/tdm\/wp-json\/wp\/v2\/posts\/3620\/revisions\/3634"}],"wp:featuredmedia":[{"embeddable":true,"href":"https:\/\/www.marionetrenaud.fr\/tdm\/wp-json\/wp\/v2\/media\/3609"}],"wp:attachment":[{"href":"https:\/\/www.marionetrenaud.fr\/tdm\/wp-json\/wp\/v2\/media?parent=3620"}],"wp:term":[{"taxonomy":"category","embeddable":true,"href":"https:\/\/www.marionetrenaud.fr\/tdm\/wp-json\/wp\/v2\/categories?post=3620"},{"taxonomy":"post_tag","embeddable":true,"href":"https:\/\/www.marionetrenaud.fr\/tdm\/wp-json\/wp\/v2\/tags?post=3620"}],"curies":[{"name":"wp","href":"https:\/\/api.w.org\/{rel}","templated":true}]}}