{"id":3493,"date":"2015-12-02T20:43:42","date_gmt":"2015-12-03T02:43:42","guid":{"rendered":"http:\/\/www.marionetrenaud.fr\/tdm\/?p=3493"},"modified":"2015-12-02T21:27:07","modified_gmt":"2015-12-03T03:27:07","slug":"revivez-notre-ascension-du-volcan-acatenango","status":"publish","type":"post","link":"https:\/\/www.marionetrenaud.fr\/tdm\/revivez-notre-ascension-du-volcan-acatenango\/","title":{"rendered":"Revivez notre ascension du volcan Acatenango"},"content":{"rendered":"<p style=\"text-align: justify;\"><strong>Mardi 18 novembre, 9h. <\/strong><\/p>\n<p style=\"text-align: justify;\">Apr\u00e8s un copieux petit-d\u00e9jeuner typique (th\u00e9\/caf\u00e9, oeufs brouill\u00e9s, pur\u00e9e de haricots noirs, bananes fries), nous voil\u00e0 pr\u00eats devant notre h\u00f4tel, nos sacs sur le dos. Un 50L pour Renaud et notre petit sac \u00e0 dos 30L pour moi. A l&rsquo;int\u00e9rieur, quelques affaires de rechange en cas de pluie, le peu d&rsquo;habits chauds que nous avons, et 6L d&rsquo;eau. Par chance, il fait grand beau !<!--more--> Un mini-bus passe nous chercher. 5 autres jeunes sont d\u00e9j\u00e0 install\u00e9s. A ce moment l\u00e0, on se dit : \u00ab\u00a0parfait, notre groupe n&rsquo;est pas trop grand!\u00a0\u00bb (contrairement \u00e0 Anne &amp; Bastien rencontr\u00e9s il y a quelques jours qui eux aussi ont fait l&rsquo;ascension de l&rsquo;Acatenango mais avec un groupe de 20 personnes !). Quelques minutes plus tard d&rsquo;autres jeunes montent dans le mini-bus maintenant plein \u00e0 craquer. Nous sommes d\u00e9pos\u00e9s un peu plus loin pour tous nous faire monter dans un grand bus (un chicken bus pour les intimes). Rapide coup d&rsquo;\u0153il \u00e0 droite, \u00e0 gauche, devant et derni\u00e8re nous&#8230;<strong>nous sommes 18 jeunes<\/strong> ! A\u00efe&#8230; tout ce qu&rsquo;on adore (ou pas&#8230;). On ne pensait pas que cette ascension attirait tant de monde, surtout en ce moment o\u00f9 il n&rsquo;y a pas foule de touristes dans les rues.<\/p>\n<p style=\"text-align: justify;\">Bref, apr\u00e8s une bonne heure de bus, nous arrivons. C&rsquo;est l&rsquo;heure de la distribution des affaires : 1 tente pour 2, 3 ou 4 (par chance nous arrivons \u00e0 r\u00e9cup\u00e9rer une tente de 2), 1 duvet, 1 tapis de sol, 1 b\u00e2che en plastique (pour prot\u00e9ger la tente en cas de pluie. C&rsquo;est pas vraiment bon signe \u00e7a&#8230; ) et 1 sac en plastique avec nos victuailles pour les prochaines 24h (2 sandwichs, 1 noodle soup, 1 pomme, 1 banane, 1 yaourt et 2 oeufs durs). Nos sacs plein \u00e0 craquer, <strong>nous voil\u00e0 pr\u00eats pour gravir les 1800m qui nous s\u00e9parent du sommet du volcan Acatenango<\/strong>.<\/p>\n<p style=\"text-align: justify;\"><a href=\"https:\/\/i0.wp.com\/www.marionetrenaud.fr\/tdm\/wp-content\/uploads\/2015\/11\/Selfie_depart_Acatenango.jpg\" data-rel=\"lightbox-gallery-uRdTzRi3\" data-rl_title=\"\" data-rl_caption=\"\" title=\"\"><img decoding=\"async\" loading=\"lazy\" class=\"aligncenter size-medium wp-image-3491\" src=\"https:\/\/i0.wp.com\/www.marionetrenaud.fr\/tdm\/wp-content\/uploads\/2015\/11\/Selfie_depart_Acatenango.jpg?resize=500%2C375\" alt=\"Selfie_depart_Acatenango\" width=\"500\" height=\"375\" srcset=\"https:\/\/i0.wp.com\/www.marionetrenaud.fr\/tdm\/wp-content\/uploads\/2015\/11\/Selfie_depart_Acatenango.jpg?resize=500%2C375&amp;ssl=1 500w, https:\/\/i0.wp.com\/www.marionetrenaud.fr\/tdm\/wp-content\/uploads\/2015\/11\/Selfie_depart_Acatenango.jpg?resize=1024%2C768&amp;ssl=1 1024w, https:\/\/i0.wp.com\/www.marionetrenaud.fr\/tdm\/wp-content\/uploads\/2015\/11\/Selfie_depart_Acatenango.jpg?w=1280&amp;ssl=1 1280w\" sizes=\"(max-width: 500px) 100vw, 500px\" data-recalc-dims=\"1\" \/><\/a><\/p>\n<p style=\"text-align: center;\"><em>Au d\u00e9part de l&rsquo;ascension, dans la brume mais heureux !<\/em><\/p>\n<p style=\"text-align: justify;\">La marche est plut\u00f4t agr\u00e9able. <strong>Ca grimpe fort<\/strong> mais le chemin n&rsquo;est ni glissant, ni accident\u00e9. Nous faisons une <strong>pause toutes les grosses heures<\/strong>. L&rsquo;occasion de boire un bon coup et de reprendre quelques forces. 2 guides nous accompagnent. Marcello le guide exp\u00e9riment\u00e9 m\u00e8ne le groupe. Il marche traquillement et d&rsquo;un pas r\u00e9gulier pour que tout le monde suive; la bonne technique pour ne pas crever la troupe. Un autre jeune guide ferme la marche pour accompagner les plus fatigu\u00e9(e)s. Vers 16h, soit moins de 5h plus tard, <strong>nous arrivons ENFIN au campement<\/strong>. Bon, nous sommes dans le brouillard mais nous avons de la chance, nous n&rsquo;avons pas eu une goutte de pluie de la journ\u00e9e. Le temps de monter les tentes, aller chercher du bois pour le feu de ce soir, et boire un petit chocolat chaud (les guides ont tout pr\u00e9vu !), le soleil se couche&#8230; Il fait maintenant froid, tr\u00e8s froid&#8230; Avec Renaud, nous empilons toutes les couches que nous pouvons (2 pantalons, 2 paires de chaussettes&#8230;). Malheureusement nous ne sommes pas super \u00e9quip\u00e9s pour les basses temp\u00e9ratures \u00e9tant donn\u00e9 que durant cette ann\u00e9e de voyages, nous avons d\u00fb avoisiner les 30\u00b0C de moyenne. C&rsquo;est donc compl\u00e9tement gel\u00e9s que nous avalons notre noodle soup.<\/p>\n<p style=\"text-align: justify;\"><a href=\"https:\/\/i0.wp.com\/www.marionetrenaud.fr\/tdm\/wp-content\/uploads\/2015\/11\/Campement_volcan_Acatenango-1.jpg\" data-rel=\"lightbox-gallery-uRdTzRi3\" data-rl_title=\"\" data-rl_caption=\"\" title=\"\"><img decoding=\"async\" loading=\"lazy\" class=\"aligncenter size-medium wp-image-3476\" src=\"https:\/\/i0.wp.com\/www.marionetrenaud.fr\/tdm\/wp-content\/uploads\/2015\/11\/Campement_volcan_Acatenango-1.jpg?resize=500%2C332\" alt=\"Campement_volcan_Acatenango-1\" width=\"500\" height=\"332\" srcset=\"https:\/\/i0.wp.com\/www.marionetrenaud.fr\/tdm\/wp-content\/uploads\/2015\/11\/Campement_volcan_Acatenango-1.jpg?resize=500%2C332&amp;ssl=1 500w, https:\/\/i0.wp.com\/www.marionetrenaud.fr\/tdm\/wp-content\/uploads\/2015\/11\/Campement_volcan_Acatenango-1.jpg?resize=1024%2C680&amp;ssl=1 1024w, https:\/\/i0.wp.com\/www.marionetrenaud.fr\/tdm\/wp-content\/uploads\/2015\/11\/Campement_volcan_Acatenango-1.jpg?w=1280&amp;ssl=1 1280w\" sizes=\"(max-width: 500px) 100vw, 500px\" data-recalc-dims=\"1\" \/><\/a><\/p>\n<p style=\"text-align: center;\"><em>Le campement dans les nuages<\/em><\/p>\n<p style=\"text-align: center;\"><a href=\"https:\/\/i0.wp.com\/www.marionetrenaud.fr\/tdm\/wp-content\/uploads\/2015\/11\/Campement_volcan_Acatenango-2.jpg\" data-rel=\"lightbox-gallery-uRdTzRi3\" data-rl_title=\"\" data-rl_caption=\"\" title=\"\"><img decoding=\"async\" loading=\"lazy\" class=\"aligncenter size-medium wp-image-3475\" src=\"https:\/\/i0.wp.com\/www.marionetrenaud.fr\/tdm\/wp-content\/uploads\/2015\/11\/Campement_volcan_Acatenango-2.jpg?resize=332%2C500\" alt=\"Campement_volcan_Acatenango-2\" width=\"332\" height=\"500\" srcset=\"https:\/\/i0.wp.com\/www.marionetrenaud.fr\/tdm\/wp-content\/uploads\/2015\/11\/Campement_volcan_Acatenango-2.jpg?resize=332%2C500&amp;ssl=1 332w, https:\/\/i0.wp.com\/www.marionetrenaud.fr\/tdm\/wp-content\/uploads\/2015\/11\/Campement_volcan_Acatenango-2.jpg?resize=680%2C1024&amp;ssl=1 680w, https:\/\/i0.wp.com\/www.marionetrenaud.fr\/tdm\/wp-content\/uploads\/2015\/11\/Campement_volcan_Acatenango-2.jpg?w=850&amp;ssl=1 850w\" sizes=\"(max-width: 332px) 100vw, 332px\" data-recalc-dims=\"1\" \/><\/a><\/p>\n<p style=\"text-align: center;\"><em>En plein effort !<\/em><\/p>\n<p style=\"text-align: center;\"><a href=\"https:\/\/i1.wp.com\/www.marionetrenaud.fr\/tdm\/wp-content\/uploads\/2015\/11\/Volcan_Fuego-4.jpg\" data-rel=\"lightbox-gallery-uRdTzRi3\" data-rl_title=\"\" data-rl_caption=\"\" title=\"\"><img decoding=\"async\" loading=\"lazy\" class=\"aligncenter size-medium wp-image-3479\" src=\"https:\/\/i1.wp.com\/www.marionetrenaud.fr\/tdm\/wp-content\/uploads\/2015\/11\/Volcan_Fuego-4.jpg?resize=500%2C332\" alt=\"Volcan_Fuego-4\" width=\"500\" height=\"332\" srcset=\"https:\/\/i1.wp.com\/www.marionetrenaud.fr\/tdm\/wp-content\/uploads\/2015\/11\/Volcan_Fuego-4.jpg?resize=500%2C332&amp;ssl=1 500w, https:\/\/i1.wp.com\/www.marionetrenaud.fr\/tdm\/wp-content\/uploads\/2015\/11\/Volcan_Fuego-4.jpg?resize=1024%2C680&amp;ssl=1 1024w, https:\/\/i1.wp.com\/www.marionetrenaud.fr\/tdm\/wp-content\/uploads\/2015\/11\/Volcan_Fuego-4.jpg?w=1280&amp;ssl=1 1280w\" sizes=\"(max-width: 500px) 100vw, 500px\" data-recalc-dims=\"1\" \/><\/a><\/p>\n<p style=\"text-align: center;\"><em>Petite \u00e9claircie sur le volcan Fuego avant le coucher du soleil<\/em><\/p>\n<p style=\"text-align: justify;\">Alors que nous \u00e9tions dans la tente pr\u00eats \u00e0 nous emmitoufler dans notre duvet, nous entendons crier Marcello \u00ab\u00a0lava! lava!\u00a0\u00bb (traduction : <strong>le volcan voisin Fuego vient de cracher de la lave<\/strong> !) Tout le monde sort donc en vitesse&#8230; trop tard ! Le temps d&rsquo;ouvrir la tente, passer sous la b\u00e2che qui nous prot\u00e8ge de la pluie en cas de besoin et enfiler nos chaussures, le spectacle est fini&#8230; Marcello nous pr\u00e9cise qu&rsquo;<strong>une explosion a lieu environ toutes les 30 minutes<\/strong>, et que la nuit est id\u00e9ale pour les observer car avec le constrate, il est possible de voir le rouge vif de la lave. Alors que tout le groupe \u00e9tait sur le point d&rsquo;aller se coucher, nous voil\u00e0 donc \u00e0 nouveau tous les 20 r\u00e9unis autour du feu, attendant avec impatience la prochaine explosion.<\/p>\n<p style=\"text-align: justify;\">Et une trentaine de minutes plus tard&#8230;c&rsquo;est surexcit\u00e9s que nous apercevons pour la premi\u00e8re fois de notre vie, un volcan crach\u00e9 de la lave !!!!!!!!!! Le spectacle ne dure que quelques secondes mais WAHOUUUUU ! C&rsquo;est magique ! Mon coeur b\u00e2t \u00e0 mille \u00e0 l&rsquo;heure. Alors que nous sommes \u00e0 pr\u00e8s de 3500m d&rsquo;altitude, nous avons l\u00e0 en face de nous, \u00e0 3km environ \u00e0 vol d&rsquo;oiseau, un volcan en activit\u00e9 crachant de la lave toutes les 30 \u00e0 40 minutes! Une semaine apr\u00e8s, alors que j&rsquo;\u00e9cris cet article, je n&rsquo;en reviens toujours pas&#8230; Ce moment restera sans aucun doute l&rsquo;un des temps forts de notre tour du monde !<\/p>\n<p style=\"text-align: justify;\"><a href=\"https:\/\/i1.wp.com\/www.marionetrenaud.fr\/tdm\/wp-content\/uploads\/2015\/11\/Eruption_volcan_Fuego-3.jpg\" data-rel=\"lightbox-gallery-uRdTzRi3\" data-rl_title=\"\" data-rl_caption=\"\" title=\"\"><img decoding=\"async\" loading=\"lazy\" class=\"aligncenter size-medium wp-image-3482\" src=\"https:\/\/i1.wp.com\/www.marionetrenaud.fr\/tdm\/wp-content\/uploads\/2015\/11\/Eruption_volcan_Fuego-3.jpg?resize=500%2C332\" alt=\"Eruption_volcan_Fuego-3\" width=\"500\" height=\"332\" srcset=\"https:\/\/i1.wp.com\/www.marionetrenaud.fr\/tdm\/wp-content\/uploads\/2015\/11\/Eruption_volcan_Fuego-3.jpg?resize=500%2C332&amp;ssl=1 500w, https:\/\/i1.wp.com\/www.marionetrenaud.fr\/tdm\/wp-content\/uploads\/2015\/11\/Eruption_volcan_Fuego-3.jpg?resize=1024%2C680&amp;ssl=1 1024w, https:\/\/i1.wp.com\/www.marionetrenaud.fr\/tdm\/wp-content\/uploads\/2015\/11\/Eruption_volcan_Fuego-3.jpg?w=1280&amp;ssl=1 1280w\" sizes=\"(max-width: 500px) 100vw, 500px\" data-recalc-dims=\"1\" \/><\/a><\/p>\n<p style=\"text-align: center;\"><em>Eruption au beau milieu de la nuit !<\/em><\/p>\n<p style=\"text-align: justify;\">Il fait tr\u00e8s froid, tout le monde est tr\u00e8s fatigu\u00e9 de la journ\u00e9e, chacun repart donc tranquillement dans sa tente au bout d&rsquo;une petite heure. Nous passerons un peu plus de temps dehors avec Vincent (le 3\u00e8me fran\u00e7ais du groupe) et un Su\u00e9dois, esp\u00e9rant avoir la chance de voir de nouvelles explosions. Et le spectacle est toujours aussi grandiose (mais les photos impossibles \u00e0 prendre dans la nuit) ! Le froid aura finalement raison de nous&#8230; C&rsquo;est compl\u00e9tement gel\u00e9e que je me couche emmitoufl\u00e9e dans mon duvet, mon drap de soie, ma veste, mon sweat, mon t-shirt \u00e0 manches longues, mon pantalon, mon deuxi\u00e8me pantalon, et mes 2 paires de chaussettes ! Et j&rsquo;ai encore froid&#8230; Nous essayons temps bien que mal de nous reposer.<\/p>\n<p style=\"text-align: justify;\"><strong>A 4h<\/strong>, Marcello r\u00e9veille les troupes. D\u00e9part dans 10 min pour <strong>grimper au sommet du volcan afin d&rsquo;\u00eatre sur place pour le lever du soleil<\/strong>. Nous voil\u00e0 donc partis pour 1h30 de marche. Je souffre. Je n&rsquo;arrive pas \u00e0 monter. Alors que la veille tout allait bien, ce matin mon coeur s&#8217;emballe&#8230; je n&rsquo;arrive pas \u00e0 reprendre mon souffle. Sans doute l&rsquo;altitude. Mais je ne l\u00e2che rien et arrive tant bien que mal au sommet ! Et quelle r\u00e9compense ! Le soleil se l\u00e8ve doucement, les couleurs sont sublimes. Le Fuego voisin continue de cracher son \u00e9paisse fum\u00e9e et sa lave. Je suis \u00e9merveill\u00e9e&#8230;et congel\u00e9e par le vent glacial qui nous balaie. Je n&rsquo;arrive m\u00eame pas \u00e0 sortir la Go-Pro et Renaud essaie tant bien que mal de prendre 2-3 photos.<\/p>\n<p style=\"text-align: justify;\"><a href=\"https:\/\/i2.wp.com\/www.marionetrenaud.fr\/tdm\/wp-content\/uploads\/2015\/11\/Lever_de_soleil_Acatenango-2.jpg\" data-rel=\"lightbox-gallery-uRdTzRi3\" data-rl_title=\"\" data-rl_caption=\"\" title=\"\"><img decoding=\"async\" loading=\"lazy\" class=\"aligncenter size-medium wp-image-3477\" src=\"https:\/\/i2.wp.com\/www.marionetrenaud.fr\/tdm\/wp-content\/uploads\/2015\/11\/Lever_de_soleil_Acatenango-2.jpg?resize=500%2C332\" alt=\"Lever_de_soleil_Acatenango-2\" width=\"500\" height=\"332\" srcset=\"https:\/\/i2.wp.com\/www.marionetrenaud.fr\/tdm\/wp-content\/uploads\/2015\/11\/Lever_de_soleil_Acatenango-2.jpg?resize=500%2C332&amp;ssl=1 500w, https:\/\/i2.wp.com\/www.marionetrenaud.fr\/tdm\/wp-content\/uploads\/2015\/11\/Lever_de_soleil_Acatenango-2.jpg?resize=1024%2C680&amp;ssl=1 1024w, https:\/\/i2.wp.com\/www.marionetrenaud.fr\/tdm\/wp-content\/uploads\/2015\/11\/Lever_de_soleil_Acatenango-2.jpg?w=1280&amp;ssl=1 1280w\" sizes=\"(max-width: 500px) 100vw, 500px\" data-recalc-dims=\"1\" \/><\/a><\/p>\n<p style=\"text-align: center;\"><em>Lever de soleil sur la vall\u00e9e<\/em><\/p>\n<p style=\"text-align: center;\"><a href=\"https:\/\/i0.wp.com\/www.marionetrenaud.fr\/tdm\/wp-content\/uploads\/2015\/11\/Lever_de_soleil_volcan_Agua-2.jpg\" data-rel=\"lightbox-gallery-uRdTzRi3\" data-rl_title=\"\" data-rl_caption=\"\" title=\"\"><img decoding=\"async\" loading=\"lazy\" class=\"aligncenter size-medium wp-image-3481\" src=\"https:\/\/i0.wp.com\/www.marionetrenaud.fr\/tdm\/wp-content\/uploads\/2015\/11\/Lever_de_soleil_volcan_Agua-2.jpg?resize=500%2C332\" alt=\"Lever_de_soleil_volcan_Agua-2\" width=\"500\" height=\"332\" srcset=\"https:\/\/i0.wp.com\/www.marionetrenaud.fr\/tdm\/wp-content\/uploads\/2015\/11\/Lever_de_soleil_volcan_Agua-2.jpg?resize=500%2C332&amp;ssl=1 500w, https:\/\/i0.wp.com\/www.marionetrenaud.fr\/tdm\/wp-content\/uploads\/2015\/11\/Lever_de_soleil_volcan_Agua-2.jpg?resize=1024%2C680&amp;ssl=1 1024w, https:\/\/i0.wp.com\/www.marionetrenaud.fr\/tdm\/wp-content\/uploads\/2015\/11\/Lever_de_soleil_volcan_Agua-2.jpg?w=1280&amp;ssl=1 1280w\" sizes=\"(max-width: 500px) 100vw, 500px\" data-recalc-dims=\"1\" \/><\/a><\/p>\n<p style=\"text-align: center;\"><a href=\"https:\/\/i1.wp.com\/www.marionetrenaud.fr\/tdm\/wp-content\/uploads\/2015\/11\/Lever_de_soleil_volcan_Agua.jpg\" data-rel=\"lightbox-gallery-uRdTzRi3\" data-rl_title=\"\" data-rl_caption=\"\" title=\"\"><img decoding=\"async\" loading=\"lazy\" class=\"aligncenter size-medium wp-image-3485\" src=\"https:\/\/i1.wp.com\/www.marionetrenaud.fr\/tdm\/wp-content\/uploads\/2015\/11\/Lever_de_soleil_volcan_Agua.jpg?resize=500%2C332\" alt=\"Lever_de_soleil_volcan_Agua\" width=\"500\" height=\"332\" srcset=\"https:\/\/i1.wp.com\/www.marionetrenaud.fr\/tdm\/wp-content\/uploads\/2015\/11\/Lever_de_soleil_volcan_Agua.jpg?resize=500%2C332&amp;ssl=1 500w, https:\/\/i1.wp.com\/www.marionetrenaud.fr\/tdm\/wp-content\/uploads\/2015\/11\/Lever_de_soleil_volcan_Agua.jpg?resize=1024%2C680&amp;ssl=1 1024w, https:\/\/i1.wp.com\/www.marionetrenaud.fr\/tdm\/wp-content\/uploads\/2015\/11\/Lever_de_soleil_volcan_Agua.jpg?w=1280&amp;ssl=1 1280w\" sizes=\"(max-width: 500px) 100vw, 500px\" data-recalc-dims=\"1\" \/><\/a><\/p>\n<p style=\"text-align: center;\"><em>Lever de soleil sur le volcan Agua, au Sud d&rsquo;Antigua<\/em><\/p>\n<p style=\"text-align: center;\"><a href=\"https:\/\/i2.wp.com\/www.marionetrenaud.fr\/tdm\/wp-content\/uploads\/2015\/11\/Lever_de_soleil_Acatenango.jpg\" data-rel=\"lightbox-gallery-uRdTzRi3\" data-rl_title=\"\" data-rl_caption=\"\" title=\"\"><img decoding=\"async\" loading=\"lazy\" class=\"aligncenter size-medium wp-image-3478\" src=\"https:\/\/i2.wp.com\/www.marionetrenaud.fr\/tdm\/wp-content\/uploads\/2015\/11\/Lever_de_soleil_Acatenango.jpg?resize=332%2C500\" alt=\"Lever_de_soleil_Acatenango\" width=\"332\" height=\"500\" srcset=\"https:\/\/i2.wp.com\/www.marionetrenaud.fr\/tdm\/wp-content\/uploads\/2015\/11\/Lever_de_soleil_Acatenango.jpg?resize=332%2C500&amp;ssl=1 332w, https:\/\/i2.wp.com\/www.marionetrenaud.fr\/tdm\/wp-content\/uploads\/2015\/11\/Lever_de_soleil_Acatenango.jpg?resize=680%2C1024&amp;ssl=1 680w, https:\/\/i2.wp.com\/www.marionetrenaud.fr\/tdm\/wp-content\/uploads\/2015\/11\/Lever_de_soleil_Acatenango.jpg?w=850&amp;ssl=1 850w\" sizes=\"(max-width: 332px) 100vw, 332px\" data-recalc-dims=\"1\" \/><\/a><\/p>\n<p style=\"text-align: center;\"><a href=\"https:\/\/i1.wp.com\/www.marionetrenaud.fr\/tdm\/wp-content\/uploads\/2015\/11\/Sommet_volcan_Acatenango.jpg\" data-rel=\"lightbox-gallery-uRdTzRi3\" data-rl_title=\"\" data-rl_caption=\"\" title=\"\"><img decoding=\"async\" loading=\"lazy\" class=\"aligncenter size-medium wp-image-3486\" src=\"https:\/\/i1.wp.com\/www.marionetrenaud.fr\/tdm\/wp-content\/uploads\/2015\/11\/Sommet_volcan_Acatenango.jpg?resize=500%2C332\" alt=\"Sommet_volcan_Acatenango\" width=\"500\" height=\"332\" srcset=\"https:\/\/i1.wp.com\/www.marionetrenaud.fr\/tdm\/wp-content\/uploads\/2015\/11\/Sommet_volcan_Acatenango.jpg?resize=500%2C332&amp;ssl=1 500w, https:\/\/i1.wp.com\/www.marionetrenaud.fr\/tdm\/wp-content\/uploads\/2015\/11\/Sommet_volcan_Acatenango.jpg?resize=1024%2C680&amp;ssl=1 1024w, https:\/\/i1.wp.com\/www.marionetrenaud.fr\/tdm\/wp-content\/uploads\/2015\/11\/Sommet_volcan_Acatenango.jpg?w=1280&amp;ssl=1 1280w\" sizes=\"(max-width: 500px) 100vw, 500px\" data-recalc-dims=\"1\" \/><\/a><\/p>\n<p style=\"text-align: center;\"><em>Lever de soleil sur le sommet du volcan Acatenango (en arri\u00e8re plan, les volcans du lac Atitlan)<\/em><\/p>\n<p style=\"text-align: center;\"><a href=\"https:\/\/i1.wp.com\/www.marionetrenaud.fr\/tdm\/wp-content\/uploads\/2015\/11\/Volcan_Fuego-3.jpg\" data-rel=\"lightbox-gallery-uRdTzRi3\" data-rl_title=\"\" data-rl_caption=\"\" title=\"\"><img decoding=\"async\" loading=\"lazy\" class=\"aligncenter size-medium wp-image-3480\" src=\"https:\/\/i1.wp.com\/www.marionetrenaud.fr\/tdm\/wp-content\/uploads\/2015\/11\/Volcan_Fuego-3.jpg?resize=500%2C332\" alt=\"Volcan_Fuego-3\" width=\"500\" height=\"332\" srcset=\"https:\/\/i1.wp.com\/www.marionetrenaud.fr\/tdm\/wp-content\/uploads\/2015\/11\/Volcan_Fuego-3.jpg?resize=500%2C332&amp;ssl=1 500w, https:\/\/i1.wp.com\/www.marionetrenaud.fr\/tdm\/wp-content\/uploads\/2015\/11\/Volcan_Fuego-3.jpg?resize=1024%2C680&amp;ssl=1 1024w, https:\/\/i1.wp.com\/www.marionetrenaud.fr\/tdm\/wp-content\/uploads\/2015\/11\/Volcan_Fuego-3.jpg?w=1280&amp;ssl=1 1280w\" sizes=\"(max-width: 500px) 100vw, 500px\" data-recalc-dims=\"1\" \/><\/a><\/p>\n<p style=\"text-align: center;\"><em>Le volcan Fuego depuis le sommet de l&rsquo;Acatenango<\/em><\/p>\n<p style=\"text-align: center;\"><a href=\"https:\/\/i0.wp.com\/www.marionetrenaud.fr\/tdm\/wp-content\/uploads\/2015\/11\/Eruption_volcan_Fuego-2.jpg\" data-rel=\"lightbox-gallery-uRdTzRi3\" data-rl_title=\"\" data-rl_caption=\"\" title=\"\"><img decoding=\"async\" loading=\"lazy\" class=\"aligncenter size-medium wp-image-3483\" src=\"https:\/\/i0.wp.com\/www.marionetrenaud.fr\/tdm\/wp-content\/uploads\/2015\/11\/Eruption_volcan_Fuego-2.jpg?resize=500%2C332\" alt=\"Eruption_volcan_Fuego-2\" width=\"500\" height=\"332\" srcset=\"https:\/\/i0.wp.com\/www.marionetrenaud.fr\/tdm\/wp-content\/uploads\/2015\/11\/Eruption_volcan_Fuego-2.jpg?resize=500%2C332&amp;ssl=1 500w, https:\/\/i0.wp.com\/www.marionetrenaud.fr\/tdm\/wp-content\/uploads\/2015\/11\/Eruption_volcan_Fuego-2.jpg?resize=1024%2C680&amp;ssl=1 1024w, https:\/\/i0.wp.com\/www.marionetrenaud.fr\/tdm\/wp-content\/uploads\/2015\/11\/Eruption_volcan_Fuego-2.jpg?w=1280&amp;ssl=1 1280w\" sizes=\"(max-width: 500px) 100vw, 500px\" data-recalc-dims=\"1\" \/><\/a><\/p>\n<p style=\"text-align: center;\"><a href=\"https:\/\/i1.wp.com\/www.marionetrenaud.fr\/tdm\/wp-content\/uploads\/2015\/11\/Eruption_volcan_Fuego-1.jpg\" data-rel=\"lightbox-gallery-uRdTzRi3\" data-rl_title=\"\" data-rl_caption=\"\" title=\"\"><img decoding=\"async\" loading=\"lazy\" class=\"aligncenter size-medium wp-image-3484\" src=\"https:\/\/i1.wp.com\/www.marionetrenaud.fr\/tdm\/wp-content\/uploads\/2015\/11\/Eruption_volcan_Fuego-1.jpg?resize=500%2C332\" alt=\"Eruption_volcan_Fuego-1\" width=\"500\" height=\"332\" srcset=\"https:\/\/i1.wp.com\/www.marionetrenaud.fr\/tdm\/wp-content\/uploads\/2015\/11\/Eruption_volcan_Fuego-1.jpg?resize=500%2C332&amp;ssl=1 500w, https:\/\/i1.wp.com\/www.marionetrenaud.fr\/tdm\/wp-content\/uploads\/2015\/11\/Eruption_volcan_Fuego-1.jpg?resize=1024%2C680&amp;ssl=1 1024w, https:\/\/i1.wp.com\/www.marionetrenaud.fr\/tdm\/wp-content\/uploads\/2015\/11\/Eruption_volcan_Fuego-1.jpg?w=1280&amp;ssl=1 1280w\" sizes=\"(max-width: 500px) 100vw, 500px\" data-recalc-dims=\"1\" \/><\/a><\/p>\n<p style=\"text-align: center;\"><em>Nouvelles \u00e9ruptions du volcan Fuego<\/em><\/p>\n<p style=\"text-align: justify;\">Le soleil lev\u00e9, nous courons rejoindre le campement. Le vent se calme au fur et \u00e0 mesure que nous descendons. Le soleil commence \u00e0 nous r\u00e9chauffer. Nos doigts reprennent petit \u00e0 petit vie.<\/p>\n<p style=\"text-align: justify;\"><a href=\"https:\/\/i1.wp.com\/www.marionetrenaud.fr\/tdm\/wp-content\/uploads\/2015\/11\/Descente_volcan_Acatenango.jpg\" data-rel=\"lightbox-gallery-uRdTzRi3\" data-rl_title=\"\" data-rl_caption=\"\" title=\"\"><img decoding=\"async\" loading=\"lazy\" class=\"aligncenter size-medium wp-image-3487\" src=\"https:\/\/i1.wp.com\/www.marionetrenaud.fr\/tdm\/wp-content\/uploads\/2015\/11\/Descente_volcan_Acatenango.jpg?resize=500%2C332\" alt=\"Descente_volcan_Acatenango\" width=\"500\" height=\"332\" srcset=\"https:\/\/i1.wp.com\/www.marionetrenaud.fr\/tdm\/wp-content\/uploads\/2015\/11\/Descente_volcan_Acatenango.jpg?resize=500%2C332&amp;ssl=1 500w, https:\/\/i1.wp.com\/www.marionetrenaud.fr\/tdm\/wp-content\/uploads\/2015\/11\/Descente_volcan_Acatenango.jpg?resize=1024%2C680&amp;ssl=1 1024w, https:\/\/i1.wp.com\/www.marionetrenaud.fr\/tdm\/wp-content\/uploads\/2015\/11\/Descente_volcan_Acatenango.jpg?w=1280&amp;ssl=1 1280w\" sizes=\"(max-width: 500px) 100vw, 500px\" data-recalc-dims=\"1\" \/><\/a><\/p>\n<p style=\"text-align: justify;\"><a href=\"https:\/\/i2.wp.com\/www.marionetrenaud.fr\/tdm\/wp-content\/uploads\/2015\/11\/Ascension_volcan_Acatenango.jpg\" data-rel=\"lightbox-gallery-uRdTzRi3\" data-rl_title=\"\" data-rl_caption=\"\" title=\"\"><img decoding=\"async\" loading=\"lazy\" class=\"aligncenter size-medium wp-image-3488\" src=\"https:\/\/i2.wp.com\/www.marionetrenaud.fr\/tdm\/wp-content\/uploads\/2015\/11\/Ascension_volcan_Acatenango.jpg?resize=500%2C332\" alt=\"Ascension_volcan_Acatenango\" width=\"500\" height=\"332\" srcset=\"https:\/\/i2.wp.com\/www.marionetrenaud.fr\/tdm\/wp-content\/uploads\/2015\/11\/Ascension_volcan_Acatenango.jpg?resize=500%2C332&amp;ssl=1 500w, https:\/\/i2.wp.com\/www.marionetrenaud.fr\/tdm\/wp-content\/uploads\/2015\/11\/Ascension_volcan_Acatenango.jpg?resize=1024%2C680&amp;ssl=1 1024w, https:\/\/i2.wp.com\/www.marionetrenaud.fr\/tdm\/wp-content\/uploads\/2015\/11\/Ascension_volcan_Acatenango.jpg?w=1280&amp;ssl=1 1280w\" sizes=\"(max-width: 500px) 100vw, 500px\" data-recalc-dims=\"1\" \/><\/a><\/p>\n<p style=\"text-align: center;\"><em>Le chemin qui m\u00e8ne au sommet de l&rsquo;Acatenango<\/em><\/p>\n<p style=\"text-align: center;\"><a href=\"https:\/\/i0.wp.com\/www.marionetrenaud.fr\/tdm\/wp-content\/uploads\/2015\/11\/Volcan_Fuego-2.jpg\" data-rel=\"lightbox-gallery-uRdTzRi3\" data-rl_title=\"\" data-rl_caption=\"\" title=\"\"><img decoding=\"async\" loading=\"lazy\" class=\"aligncenter size-medium wp-image-3489\" src=\"https:\/\/i0.wp.com\/www.marionetrenaud.fr\/tdm\/wp-content\/uploads\/2015\/11\/Volcan_Fuego-2.jpg?resize=500%2C332\" alt=\"Volcan_Fuego-2\" width=\"500\" height=\"332\" srcset=\"https:\/\/i0.wp.com\/www.marionetrenaud.fr\/tdm\/wp-content\/uploads\/2015\/11\/Volcan_Fuego-2.jpg?resize=500%2C332&amp;ssl=1 500w, https:\/\/i0.wp.com\/www.marionetrenaud.fr\/tdm\/wp-content\/uploads\/2015\/11\/Volcan_Fuego-2.jpg?resize=1024%2C680&amp;ssl=1 1024w, https:\/\/i0.wp.com\/www.marionetrenaud.fr\/tdm\/wp-content\/uploads\/2015\/11\/Volcan_Fuego-2.jpg?w=1280&amp;ssl=1 1280w\" sizes=\"(max-width: 500px) 100vw, 500px\" data-recalc-dims=\"1\" \/><\/a><\/p>\n<p style=\"text-align: center;\"><a href=\"https:\/\/i0.wp.com\/www.marionetrenaud.fr\/tdm\/wp-content\/uploads\/2015\/11\/Volcan_Fuego-1.jpg\" data-rel=\"lightbox-gallery-uRdTzRi3\" data-rl_title=\"\" data-rl_caption=\"\" title=\"\"><img decoding=\"async\" loading=\"lazy\" class=\"aligncenter size-medium wp-image-3490\" src=\"https:\/\/i0.wp.com\/www.marionetrenaud.fr\/tdm\/wp-content\/uploads\/2015\/11\/Volcan_Fuego-1.jpg?resize=500%2C332\" alt=\"Volcan_Fuego-1\" width=\"500\" height=\"332\" srcset=\"https:\/\/i0.wp.com\/www.marionetrenaud.fr\/tdm\/wp-content\/uploads\/2015\/11\/Volcan_Fuego-1.jpg?resize=500%2C332&amp;ssl=1 500w, https:\/\/i0.wp.com\/www.marionetrenaud.fr\/tdm\/wp-content\/uploads\/2015\/11\/Volcan_Fuego-1.jpg?resize=1024%2C680&amp;ssl=1 1024w, https:\/\/i0.wp.com\/www.marionetrenaud.fr\/tdm\/wp-content\/uploads\/2015\/11\/Volcan_Fuego-1.jpg?w=1280&amp;ssl=1 1280w\" sizes=\"(max-width: 500px) 100vw, 500px\" data-recalc-dims=\"1\" \/><\/a><\/p>\n<p style=\"text-align: center;\"><em>Le volcan Fuego, apr\u00e8s le lever du soleil<\/em><\/p>\n<p style=\"text-align: center;\"><a href=\"https:\/\/i1.wp.com\/www.marionetrenaud.fr\/tdm\/wp-content\/uploads\/2015\/11\/Selfie-Acatenango.jpg\" data-rel=\"lightbox-gallery-uRdTzRi3\" data-rl_title=\"\" data-rl_caption=\"\" title=\"\"><img decoding=\"async\" loading=\"lazy\" class=\"aligncenter size-medium wp-image-3492\" src=\"https:\/\/i1.wp.com\/www.marionetrenaud.fr\/tdm\/wp-content\/uploads\/2015\/11\/Selfie-Acatenango.jpg?resize=500%2C375\" alt=\"Selfie Acatenango\" width=\"500\" height=\"375\" srcset=\"https:\/\/i1.wp.com\/www.marionetrenaud.fr\/tdm\/wp-content\/uploads\/2015\/11\/Selfie-Acatenango.jpg?resize=500%2C375&amp;ssl=1 500w, https:\/\/i1.wp.com\/www.marionetrenaud.fr\/tdm\/wp-content\/uploads\/2015\/11\/Selfie-Acatenango.jpg?resize=1024%2C768&amp;ssl=1 1024w, https:\/\/i1.wp.com\/www.marionetrenaud.fr\/tdm\/wp-content\/uploads\/2015\/11\/Selfie-Acatenango.jpg?w=1280&amp;ssl=1 1280w\" sizes=\"(max-width: 500px) 100vw, 500px\" data-recalc-dims=\"1\" \/><\/a><\/p>\n<p style=\"text-align: center;\"><em>Encore un peu frigorifi\u00e9s tout de m\u00eame !<\/em><\/p>\n<p style=\"text-align: justify;\">Apr\u00e8s un petit-d\u00e9jeuner rapide (un sandwich, un oeuf dur et une banane), nous replions le camp. Il est temps de repartir. Un dernier coup d&rsquo;oeil du c\u00f4t\u00e9 du Fuego. Qu&rsquo;il est beau&#8230;<\/p>\n<p style=\"text-align: justify;\"><strong>La descente se fait en 2h30<\/strong>. Les jambes sont lourdes, les mines fatigu\u00e9es mais quelle aventure extraordinaire nous venons de vivre l\u00e0. Arriv\u00e9s en bas, nous remontons dans le bus en direction d&rsquo;Antigua.<\/p>\n<p style=\"text-align: justify;\">Nous sommes le 19 novembre, nous avons grimp\u00e9 pr\u00e8s de 2000m de d\u00e9nivel\u00e9, atteint 4000m d&rsquo;altitude, vu un volcan en \u00e9ruption, partag\u00e9 cela avec une bande de jeunes super sympas&#8230; Bref, la vie, qu&rsquo;est ce qu&rsquo;elle est belle !<\/p>\n<blockquote>\n<p style=\"text-align: justify;\"><span style=\"font-size: 12pt;\"><strong>Les astuces de M &amp; R<\/strong><\/span><\/p>\n<ul>\n<li style=\"text-align: justify;\"><em><span style=\"text-decoration: underline;\">agence pour l&rsquo;ascension du volcan Acatenango :<\/span><\/em> autant vous le dire tout de suite, <strong>il n&rsquo;y a que 4 agences qui font l&rsquo;ascension<\/strong> : Barco, GT Adventure, O.X et Old Town. En passant par une autre agence, vous r\u00e9serverez donc, sans le savoir, chez l&rsquo;une des 4 agences ci-dessus. Nous avons pay\u00e9 <strong>35 USD par personne<\/strong> (260 Qtz mais le taux en dollars \u00e9tait plus avantageux) en passant par Planeta Maya. Chez Barco, que l&rsquo;on nous avait plut\u00f4t d\u00e9conseill\u00e9, le dernier prix propos\u00e9 \u00e9tait de <strong>225 Qtz<\/strong>. Le prix comprend un guide bilingue, une tente (\u00e0 partager \u00e0 2 ou plus, impossible d&rsquo;\u00eatre certain de n&rsquo;\u00eatre que 2 dans la tente), un tapis de sol, un duvet, le d\u00e9jeuner, le d\u00eener et le petit-d\u00e9jeuner ainsi que le transport aller et retour jusqu&rsquo;\u00e0 La Soledad, le village de d\u00e9part. <strong>Vous devez payer sur place l&rsquo;entr\u00e9e au volcan<\/strong> (50 Qtz par personne) <strong>et prendre votre eau<\/strong>. Finalement, nous avons appris le lendemain matin lors du d\u00e9part que Planeta Maya passe par l&rsquo;agence Barco&#8230;<\/li>\n<li style=\"text-align: justify;\"><span style=\"text-decoration: underline;\"><em>quelles affaires prendre pour l&rsquo;ascension du volcan Acatenango :<\/em><\/span>\u00a0<strong>il fait froid, tr\u00e8s froid une fois en haut<\/strong>, et il peut aussi pleuvoir et y avoir beaucoup de vent ! Nous vous conseillons donc de prendre un poncho\/k-way, des v\u00eatements de rechange (en cas de pluie), de multiplier les couches pour ne pas avoir trop froid (2 paires de chaussettes, une polaire, un sweat, une veste, un pantalon long et chaud) et un sac d&rsquo;au moins 40 litres (nous avions au total 80 litres \u00e0 nous 2 et ce n&rsquo;\u00e9tait vraiment pas de trop!). Si en plus vous avez des gants, n&rsquo;h\u00e9sitez pas \u00e0 les prendre (quoiqu&rsquo;il arrive vous aurez les mains gel\u00e9es en haut !). De plus, sachez qu&rsquo;au village de d\u00e9part, il est possible d&rsquo;acheter\/louer un b\u00e2ton de marche, des gants, des sacs poubelle pour vous prot\u00e9ger de la pluie, un sac \u00e0 dos, une veste chaude, &#8230; et m\u00eame un cheval si vous ne souhaitez pas porter vos affaires.<\/li>\n<\/ul>\n<\/blockquote>\n<p style=\"text-align: justify;\"><span style=\"text-decoration: underline;\">O\u00f9 se trouve le volcan Acatenango ?<\/span><\/p>\n<p style=\"text-align: justify;\"><div id='mapp0-layout' class='mapp-layout mapp-left mapp-leaflet  mapp-align-center' style='width: 425px;'><div class='mapp-wrapper' style='height: 350px' ><div class='mapp-main'><div class='mapp-canvas-panel'><div class='mapp-canvas' id='mapp0'><\/div><div class='mapp-controls'><\/div><div class='mapp-iw'><\/div><div class='mapp-dialog'><\/div><\/div><\/div><\/div><div class='mapp-directions'><span class='mapp-close' data-mapp-action='dir-cancel'><\/span><a href='#' class='mapp-myloc' data-mapp-action='dir-myloc'>Mon emplacement<\/a><div><input class='mapp-dir-addr mapp-dir-saddr' tabindex='1'\/><span data-mapp-action='dir-swap' class='mapp-dir-arrows'><\/span><\/div><div><input class='mapp-dir-addr mapp-dir-daddr' tabindex='2'\/><\/div><div class='mapp-dir-toolbar'><span class='mapp-button-submit' data-mapp-action='dir-get'>Itin\u00e9raires<\/span><span class='mapp-spinner'><\/span><\/div><div class='mapp-dir-renderer'><\/div><\/div><\/div><\/p>\n","protected":false},"excerpt":{"rendered":"<p>Mardi 18 novembre, 9h. Apr\u00e8s un copieux petit-d\u00e9jeuner typique (th\u00e9\/caf\u00e9, oeufs brouill\u00e9s, pur\u00e9e de haricots noirs, bananes fries), nous voil\u00e0 pr\u00eats devant notre h\u00f4tel, nos sacs sur le dos. Un 50L pour Renaud et notre petit sac \u00e0 dos 30L pour moi. A l&rsquo;int\u00e9rieur, quelques affaires de rechange en cas de pluie, le peu d&rsquo;habits [&hellip;]<\/p>\n","protected":false},"author":1,"featured_media":3483,"comment_status":"open","ping_status":"open","sticky":false,"template":"","format":"standard","meta":{"sharing_disabled":false,"switch_like_status":false,"spay_email":"","jetpack_publicize_message":""},"categories":[15,61],"tags":[254,240,256,255],"jetpack_featured_media_url":"https:\/\/i0.wp.com\/www.marionetrenaud.fr\/tdm\/wp-content\/uploads\/2015\/11\/Eruption_volcan_Fuego-2.jpg?fit=1280%2C850&ssl=1","jetpack_publicize_connections":[],"jetpack_shortlink":"https:\/\/wp.me\/p4XfH7-Ul","_links":{"self":[{"href":"https:\/\/www.marionetrenaud.fr\/tdm\/wp-json\/wp\/v2\/posts\/3493"}],"collection":[{"href":"https:\/\/www.marionetrenaud.fr\/tdm\/wp-json\/wp\/v2\/posts"}],"about":[{"href":"https:\/\/www.marionetrenaud.fr\/tdm\/wp-json\/wp\/v2\/types\/post"}],"author":[{"embeddable":true,"href":"https:\/\/www.marionetrenaud.fr\/tdm\/wp-json\/wp\/v2\/users\/1"}],"replies":[{"embeddable":true,"href":"https:\/\/www.marionetrenaud.fr\/tdm\/wp-json\/wp\/v2\/comments?post=3493"}],"version-history":[{"count":6,"href":"https:\/\/www.marionetrenaud.fr\/tdm\/wp-json\/wp\/v2\/posts\/3493\/revisions"}],"predecessor-version":[{"id":3522,"href":"https:\/\/www.marionetrenaud.fr\/tdm\/wp-json\/wp\/v2\/posts\/3493\/revisions\/3522"}],"wp:featuredmedia":[{"embeddable":true,"href":"https:\/\/www.marionetrenaud.fr\/tdm\/wp-json\/wp\/v2\/media\/3483"}],"wp:attachment":[{"href":"https:\/\/www.marionetrenaud.fr\/tdm\/wp-json\/wp\/v2\/media?parent=3493"}],"wp:term":[{"taxonomy":"category","embeddable":true,"href":"https:\/\/www.marionetrenaud.fr\/tdm\/wp-json\/wp\/v2\/categories?post=3493"},{"taxonomy":"post_tag","embeddable":true,"href":"https:\/\/www.marionetrenaud.fr\/tdm\/wp-json\/wp\/v2\/tags?post=3493"}],"curies":[{"name":"wp","href":"https:\/\/api.w.org\/{rel}","templated":true}]}}