{"id":250,"date":"2014-11-09T17:44:05","date_gmt":"2014-11-09T16:44:05","guid":{"rendered":"http:\/\/www.marionetrenaud.fr\/tdm\/?p=250"},"modified":"2014-11-25T22:33:46","modified_gmt":"2014-11-25T21:33:46","slug":"jeu-de-questionsreponses","status":"publish","type":"post","link":"https:\/\/www.marionetrenaud.fr\/tdm\/jeu-de-questionsreponses\/","title":{"rendered":"Jeu de questions\/r\u00e9ponses"},"content":{"rendered":"<p style=\"text-align: justify;\">Certains d&rsquo;entre vous nous connaissent sur le bout des doigts, d&rsquo;autres un peu moins. On s&rsquo;est dit qu&rsquo;il \u00e9tait int\u00e9ressant de se livrer \u00e0 un petit jeu de questions\/r\u00e9ponses sur notre projet commun. L&rsquo;occasion aussi pour vous faire part de notre \u00e9tat d&rsquo;esprit, nos attentes, nos craintes, &#8230;<br \/>\nNous souhaitons que cet article soit interactif, alors\u00a0si vous avez des questions \u00e0 nous poser, n&rsquo;h\u00e9sitez pas!\u00a0Contactez-nous directement par mail ou laissez\u00a0un commentaire sur cet article. Nous y r\u00e9pondrons avec plaisir!<!--more--><\/p>\n<table width=\"600px\">\n<tbody>\n<tr>\n<td style=\"text-align: center;\" width=\"300px\"><span style=\"font-family: tahoma, arial, helvetica, sans-serif; font-size: 10pt;\"><strong>Marion<\/strong><\/span><\/td>\n<td style=\"text-align: center;\" width=\"300px\"><span style=\"font-family: tahoma, arial, helvetica, sans-serif; font-size: 10pt;\"><strong>Renaud<\/strong><\/span><\/td>\n<\/tr>\n<tr>\n<td colspan=\"2\"><span style=\"font-family: helvetica; font-size: 10pt;\"><strong><em>Quels sont les 3 pays que nous avons le plus h\u00e2te de visiter ?<\/em><\/strong><\/span><\/td>\n<\/tr>\n<tr>\n<td><span style=\"font-family: helvetica; font-size: 10pt;\">La Tha\u00eflande (parce que c&rsquo;est le premier pays !!!!), la Birmanie (un pays qui s&rsquo;ouvre au tourisme et pour lequel nous avons entendu tellement de bien !) et l&rsquo;Australie (un immense pays \u00e0 l\u2019autre bout du monde\u00a0!)<\/span><\/td>\n<td><span style=\"font-family: helvetica; font-size: 10pt;\">Sans que ce soit forc\u00e9ment dans l&rsquo;ordre, je dirais : le Laos, l&rsquo;Australie et le Guatemala. Bien entendu, j&rsquo;ai tous envie de les visiter et il y en avait encore beaucoup d&rsquo;autres&#8230;<\/span><\/td>\n<\/tr>\n<tr>\n<td colspan=\"2\"><span style=\"font-family: helvetica; font-size: 10pt;\"><strong><em>Quel est le pays que nous appr\u00e9hendons le plus ?\u00a0<\/em><\/strong><\/span><\/td>\n<\/tr>\n<tr>\n<td><span style=\"font-family: helvetica; font-size: 10pt;\">Pour\u00a0moi se sont\u00a0plut\u00f4t les 3 pays d&rsquo;Am\u00e9rique Centrale: Nicaragua, Honduras, Guatemala. J&rsquo;appr\u00e9hende un peu de me sentir en ins\u00e9curit\u00e9 dans ces pays\u2026<\/span><\/td>\n<td><span style=\"font-family: helvetica; font-size: 10pt;\">Le Vietnam. On viendra de passer plus de 3 mois en Asie, dans des pays r\u00e9put\u00e9s assez accueillants, ce qui, d&rsquo;apr\u00e8s les quelques lectures que nous avons pu faire, n&rsquo;est pas vraiment le point fort du Vietnam. J&rsquo;esp\u00e8re tout de m\u00eame que l&rsquo;on pourra faire de belles rencontres.<\/span><\/td>\n<\/tr>\n<tr>\n<td colspan=\"2\"><span style=\"font-family: helvetica; font-size: 10pt;\"><strong><em>Qu&rsquo;est-ce qui va le plus nous manquer pendant 1 an ?<\/em><\/strong><\/span><\/td>\n<\/tr>\n<tr>\n<td><span style=\"font-family: helvetica; font-size: 10pt;\">Ce qui va le plus me manquer ce sont ces petits moments pass\u00e9s avec vous, amis et famille, o\u00f9 l\u2019on se raconte nos vies, o\u00f9 l\u2019on boit un verre, o\u00f9 l\u2019on rigole \u2026 La difficult\u00e9 d\u2019\u00e9changer en instantan\u00e9e (via des textos ou des appels) pour se raconter ce qu\u2019il vient de nous arriver, ce que l\u2019on a vu, le temps qu\u2019il fait ce matin\u2026<\/span><\/td>\n<td><span style=\"font-family: helvetica; font-size: 10pt;\">Ce n&rsquo;est pas \u00e9vident \u00e0 r\u00e9pondre parce que bien entendu beaucoup de choses vont me manquer. Je pense malgr\u00e9 tout que ce qui va me manquer le plus pendant 1 an ce sont les comp\u00e9titions! Nous aurons toujours la possibilit\u00e9 de voir notre famille et nos amis sur Skype ou dans l&rsquo;un des pays travers\u00e9s, de leur \u00e9crire et donc de garder des nouvelles. Pour le sport, je suis par contre certain de ne pas pouvoir faire de comp\u00e9titions pendant 1 an. Heureusement, on aura des occasions pour se d\u00e9penser!<\/span><\/td>\n<\/tr>\n<tr>\n<td colspan=\"2\"><span style=\"font-family: helvetica; font-size: 10pt;\"><strong><em>Quels sont les 3 monuments\/lieux que nous avons les plus envie de voir?<\/em><\/strong><\/span><\/td>\n<\/tr>\n<tr>\n<td><span style=\"font-family: helvetica; font-size: 10pt;\">Je n\u2019ai pas vraiment de monuments \/ lieux que j\u2019ai le plus envie de voir\u2026 tout me fait envie\u00a0!!!! Pendant tout le voyage, ce dont j\u2019ai le plus envie en tout cas, c\u2019est de voir des animaux\u00a0!<\/span><\/td>\n<td><span style=\"font-family: helvetica; font-size: 10pt;\">Comme pour la 1<sup>\u00e8re<\/sup> question, ce n&rsquo;est pas forc\u00e9ment par ordre de pr\u00e9f\u00e9rence : la muraille de Chine, les temples de Bagan au Myanmar et l&rsquo;un des volcans de Sumatra.<\/span><\/td>\n<\/tr>\n<tr>\n<td colspan=\"2\"><span style=\"font-family: helvetica; font-size: 10pt;\"><strong><em>Dans quels pays s&rsquo;attendons-nous \u00e0 manger le mieux ?<\/em><\/strong><\/span><\/td>\n<\/tr>\n<tr>\n<td><span style=\"font-family: helvetica; font-size: 10pt;\">??? aucune id\u00e9e\u00a0! Tout ce que je sais c\u2019est que nous allons faire une cure de riz, de nouilles et de poulet\u00a0!<\/span><\/td>\n<td><span style=\"font-family: helvetica; font-size: 10pt;\">En Tha\u00eflande! Ce sont s\u00fbrement les habitudes de France qui me font penser \u00e7a!<\/span><\/td>\n<\/tr>\n<tr>\n<td colspan=\"2\"><span style=\"font-family: helvetica; font-size: 10pt;\"><strong><em>Et \u00e0 l&rsquo;inverse, le moins bien ?<\/em><\/strong><\/span><\/td>\n<\/tr>\n<tr>\n<td><span style=\"font-family: helvetica; font-size: 10pt;\">??? aucune id\u00e9e\u00a0! Tout ce que je sais c\u2019est que je pense que d\u2019ici quelques mois je r\u00eaverai de croziflette et de salade tomates-mozza avec un filet d\u2019huile d\u2019olive et quelques feuilles de basilic\u00a0!<\/span><\/td>\n<td><span style=\"font-family: helvetica; font-size: 10pt;\">Je n&rsquo;ai pas trop d&rsquo;appr\u00e9hension sur la nourriture. J&rsquo;adore la cuisine \u00e9trang\u00e8re et je suis certain de trouver de bons plats partout pendant cette ann\u00e9e!<\/span><\/td>\n<\/tr>\n<tr>\n<td colspan=\"2\"><span style=\"font-family: helvetica; font-size: 10pt;\"><strong><em>Quelle chose un peu \u00ab\u00a0folle\u00a0\u00bb aimerions-nous faire \/ essayer ?<\/em><\/strong><\/span><\/td>\n<\/tr>\n<tr>\n<td><span style=\"font-family: helvetica; font-size: 10pt;\">Comme je suis trop une dingue\u2026je vais essayer de tenir 1 an sans lisseur\u00a0;-)#payestatouffe<\/span><\/td>\n<td><span style=\"font-family: helvetica; font-size: 10pt;\">On continue, pour moi, sur le plan de la gastronomie! Je ne suis pas certain d&rsquo;y arriver mais j&rsquo;aimerai beaucoup go\u00fbter des insectes grill\u00e9s.<\/span><\/td>\n<\/tr>\n<tr>\n<td colspan=\"2\"><span style=\"font-family: helvetica; font-size: 10pt;\"><strong><em>Quel moment fort souhaiterions-nous vivre?<\/em><\/strong><\/span><\/td>\n<\/tr>\n<tr>\n<td><span style=\"font-family: helvetica; font-size: 10pt;\">J\u2019aimerai passer\u00a0quelques jours dans un orphelinat ou une \u00e9cole entour\u00e9e de dizaines d\u2019enfants avec qui je pourrais jouer, communiquer \u2026<\/span><\/td>\n<td><span style=\"font-family: helvetica; font-size: 10pt;\">J&rsquo;aimerais \u00e9norm\u00e9ment passer quelques jours dans un monast\u00e8re, \u00e0 vivre comme les moines bouddhistes, d\u00e9couvrir la m\u00e9ditation.<\/span><\/td>\n<\/tr>\n<tr>\n<td colspan=\"2\"><span style=\"font-family: helvetica; font-size: 10pt;\"><strong><em>Comment imagineons-nous notre journ\u00e9e d&rsquo;anniversaire \u00e0 l&rsquo;autre bout du monde?<\/em><\/strong><\/span><\/td>\n<\/tr>\n<tr>\n<td><span style=\"font-family: helvetica; font-size: 10pt;\">Alors moi je l\u2019imagine reposante\u2026dans une petite ville tranquille de la chine, \u00e0 souffler nos bougies sur un nem\u00a0! Et une m\u00e9ga session skype (si on a du r\u00e9seau) avec notre famille et nos amis.<\/span><\/td>\n<td><span style=\"font-family: helvetica; font-size: 10pt;\">Sauf grand changement de programme, nous devrions \u00eatre en Chine \u00e0 cette date! J&rsquo;imagine cette journ\u00e9e dans un endroit paisible, loin des grandes villes et de leur agitation. Profiter de ce jour pour s&rsquo;offrir un bon repas, une chambre d&rsquo;h\u00f4tel confortable et\u00a0nous reposer.<\/span><\/td>\n<\/tr>\n<tr>\n<td colspan=\"2\"><span style=\"font-family: helvetica; font-size: 10pt;\"><strong><em>Pourquoi ce tour du monde?<\/em><\/strong><\/span><\/td>\n<\/tr>\n<tr>\n<td><span style=\"font-family: helvetica; font-size: 10pt;\">Parce qu\u2019il vaut mieux vivre ses r\u00eaves que de r\u00eaver sa vie\u2026Renaud m\u2019a transmis sa passion pour les voyages, la d\u00e9couverte des cultures lointaines \u2026 Apr\u00e8s avoir \u00e9voqu\u00e9 plusieurs fois l\u2019id\u00e9e de faire (nous aussi\u00a0!) un tour du monde, nous nous sommes lanc\u00e9s\u00a0! Cette ann\u00e9e va \u00eatre tellement enrichissante que ce soit sur les autres et leurs vies au bout du monde\u00a0ou sur nous, un couple de fran\u00e7ais au bout du monde\u00a0! Nous allons en prendre plein les yeux et plein le c\u0153ur et \u00e7a\u2026c\u2019est magique\u00a0!<\/span><\/td>\n<td><span style=\"font-family: helvetica; font-size: 10pt;\">Nous en avions d\u00e9j\u00e0 discut\u00e9 quelques fois tous les 2. Il y avait toujours des excuses qui faisaient que l&rsquo;on ne pensait pas \u00e7a raisonnable (l&rsquo;appartement, le travail, la famille&#8230;). Un jour nous nous sommes dit que, plus tard, nous regretterions de ne pas l&rsquo;avoir fait. Alors nous nous sommes lanc\u00e9s, la d\u00e9cision \u00e9tait prise, plus de marche arri\u00e8re! Ce qui me motive pour ce tour du monde, c&rsquo;est d&rsquo;aller \u00e0 la rencontre de cultures diff\u00e9rentes, de d\u00e9couvrir des choses hors du commun, profiter de ces moments qui vont nous faire grandir personnellement.<\/span><\/td>\n<\/tr>\n<tr>\n<td colspan=\"2\"><span style=\"font-family: helvetica; font-size: 10pt;\"><strong><em>Quel est The objet que vous allez emporter et qui ne vous quittera jamais?<\/em><\/strong><\/span><\/td>\n<\/tr>\n<tr>\n<td><span style=\"font-family: helvetica; font-size: 10pt;\">Pour notre tour du monde, je nous ai fabriqu\u00e9 \u00e0 ma maman et \u00e0 moi un petit bracelet liberty. Nous avons le m\u00eame. Je le porterai durant tout le voyage et je penserai \u00e0 ma maman chaque fois que je le regarderai et elle pensera \u00e0 moi d\u00e8s qu&rsquo;elle le verra autour de son poignet&#8230;<\/span><\/td>\n<td><span style=\"font-family: helvetica; font-size: 10pt;\">On ne va pas partir avec des tonnes d&rsquo;objets alors pas trop de choix de toute fa\u00e7on. Moi je dirai le carnet de voyages papier! \u00c7a va me permettre de prendre pas mal de notes, de noter les impressions du moment, les bonnes adresses, pour retranscrire ensuite sur le blog!<\/span><\/td>\n<\/tr>\n<\/tbody>\n<\/table>\n<p>&nbsp;<\/p>\n<p>&nbsp;<\/p>\n","protected":false},"excerpt":{"rendered":"<p>Certains d&rsquo;entre vous nous connaissent sur le bout des doigts, d&rsquo;autres un peu moins. On s&rsquo;est dit qu&rsquo;il \u00e9tait int\u00e9ressant de se livrer \u00e0 un petit jeu de questions\/r\u00e9ponses sur notre projet commun. L&rsquo;occasion aussi pour vous faire part de notre \u00e9tat d&rsquo;esprit, nos attentes, nos craintes, &#8230; Nous souhaitons que cet article soit interactif, [&hellip;]<\/p>\n","protected":false},"author":1,"featured_media":370,"comment_status":"open","ping_status":"open","sticky":false,"template":"","format":"standard","meta":{"sharing_disabled":false,"switch_like_status":false,"spay_email":"","jetpack_publicize_message":""},"categories":[6],"tags":[],"jetpack_featured_media_url":"https:\/\/i2.wp.com\/www.marionetrenaud.fr\/tdm\/wp-content\/uploads\/2014\/11\/keep-calm-and-travel-around-the-world-copie1.jpg?fit=672%2C372&ssl=1","jetpack_publicize_connections":[],"jetpack_shortlink":"https:\/\/wp.me\/p4XfH7-42","_links":{"self":[{"href":"https:\/\/www.marionetrenaud.fr\/tdm\/wp-json\/wp\/v2\/posts\/250"}],"collection":[{"href":"https:\/\/www.marionetrenaud.fr\/tdm\/wp-json\/wp\/v2\/posts"}],"about":[{"href":"https:\/\/www.marionetrenaud.fr\/tdm\/wp-json\/wp\/v2\/types\/post"}],"author":[{"embeddable":true,"href":"https:\/\/www.marionetrenaud.fr\/tdm\/wp-json\/wp\/v2\/users\/1"}],"replies":[{"embeddable":true,"href":"https:\/\/www.marionetrenaud.fr\/tdm\/wp-json\/wp\/v2\/comments?post=250"}],"version-history":[{"count":26,"href":"https:\/\/www.marionetrenaud.fr\/tdm\/wp-json\/wp\/v2\/posts\/250\/revisions"}],"predecessor-version":[{"id":383,"href":"https:\/\/www.marionetrenaud.fr\/tdm\/wp-json\/wp\/v2\/posts\/250\/revisions\/383"}],"wp:featuredmedia":[{"embeddable":true,"href":"https:\/\/www.marionetrenaud.fr\/tdm\/wp-json\/wp\/v2\/media\/370"}],"wp:attachment":[{"href":"https:\/\/www.marionetrenaud.fr\/tdm\/wp-json\/wp\/v2\/media?parent=250"}],"wp:term":[{"taxonomy":"category","embeddable":true,"href":"https:\/\/www.marionetrenaud.fr\/tdm\/wp-json\/wp\/v2\/categories?post=250"},{"taxonomy":"post_tag","embeddable":true,"href":"https:\/\/www.marionetrenaud.fr\/tdm\/wp-json\/wp\/v2\/tags?post=250"}],"curies":[{"name":"wp","href":"https:\/\/api.w.org\/{rel}","templated":true}]}}