{"id":66,"date":"2014-09-30T20:36:23","date_gmt":"2014-09-30T19:36:23","guid":{"rendered":"http:\/\/www.marionetrenaud.fr\/tdm\/?p=66"},"modified":"2014-11-25T06:32:28","modified_gmt":"2014-11-25T05:32:28","slug":"un-tour-du-monde14-pays-visites-le-planning","status":"publish","type":"post","link":"http:\/\/www.marionetrenaud.fr\/tdm\/un-tour-du-monde14-pays-visites-le-planning\/","title":{"rendered":"Un tour du monde\u202614 pays visit\u00e9s >>> le planning (mis \u00e0 jour le 02\/11\/14)"},"content":{"rendered":"<p style=\"text-align: justify;\">\n<p style=\"text-align: justify;\">Un article qui va int\u00e9resser beaucoup de monde, j\u2019en suis s\u00fbre\u2026 En effet ce billet va vous permettre de savoir, par mois, dans quel pays nous serons. Un tableau qui permettra \u00e0 certains de choisir \u00e0 quel moment ils viennent nous faire un coucou durant notre parcours \ud83d\ude42 !<!--more--><\/p>\n<p><a href=\"https:\/\/i0.wp.com\/www.marionetrenaud.fr\/tdm\/wp-content\/uploads\/2014\/09\/tableau-tdm3.jpg\" data-rel=\"lightbox-gallery-CmJwTsHS\" data-rl_title=\"\" data-rl_caption=\"\" title=\"\"><img decoding=\"async\" loading=\"lazy\" class=\"aligncenter wp-image-315 size-full\" src=\"https:\/\/i0.wp.com\/www.marionetrenaud.fr\/tdm\/wp-content\/uploads\/2014\/09\/tableau-tdm3.jpg?resize=575%2C411\" alt=\"\" width=\"575\" height=\"411\" srcset=\"https:\/\/i0.wp.com\/www.marionetrenaud.fr\/tdm\/wp-content\/uploads\/2014\/09\/tableau-tdm3.jpg?w=575 575w, https:\/\/i0.wp.com\/www.marionetrenaud.fr\/tdm\/wp-content\/uploads\/2014\/09\/tableau-tdm3.jpg?resize=300%2C214 300w\" sizes=\"(max-width: 575px) 100vw, 575px\" data-recalc-dims=\"1\" \/><\/a><\/p>\n<p style=\"text-align: justify;\">Comme le savez (je crois\u2026), nous commencerons finalement notre road trip par la Tha\u00eflande, pour des raisons d\u2019organisation et de budget (le vol bon march\u00e9 que nous avions rep\u00e9r\u00e9 pour aller en Birmanie, qui devait \u00eatre le premier pays de notre tour du monde, pr\u00e9voyait une escale de 10h \u00e0 Hanoi au Vietnam).<\/p>\n<p style=\"text-align: justify;\">Du coup, changement de programme, nous commencerons par la Tha\u00eflande, pays que nous visiterons en deux temps. Durant 15 jours nous visiterons donc le sud du pays, avant de d\u00e9coller pour la Birmanie, pays dans lequel nous resterons 25 jours. Puis retour \u00e0 Bangkok pour explorer cette fois-ci le nord durant 20 jours. Visiter la Tha\u00eflande en deux temps, nous permet au passage d\u2019\u00e9conomiser le visa touristique. Les touristes sont exempt\u00e9s de visa si la dur\u00e9e du s\u00e9jour est inf\u00e9rieure \u00e0 30 jours. Au-del\u00e0 (et jusqu\u2019\u00e0 60 jours maximum), un visa (payant-30\u20ac) est n\u00e9cessaire.<\/p>\n<p style=\"text-align: justify;\">En mars et avril, nous poursuivrons notre p\u00e9riple direction le Laos (25 jours), le Cambodge (15 jours), et enfin le Vietnam (25 jours).<\/p>\n<p style=\"text-align: justify;\">Puis nous partions pour 40 jours en Chine, de d\u00e9but mai \u00e0 mi-juin, durant lesquels nous visiterons les provinces du Yunnan et du Sichuan et enfin la r\u00e9gion de Beijing (P\u00e9kin).<\/p>\n<p style=\"text-align: justify;\">Durant 20 jours, \u00e0 partir de mi-juin, nous rejoindrons la Malaisie\u00a0<del>et Singapour<\/del> puis l&rsquo;\u00eele de Sumatra en Indon\u00e9sie, du 5\u00a0juillet au 24 juillet\u00a0pour profiter de nos derniers moments en Asie.<\/p>\n<p style=\"text-align: justify;\">Puis direction l\u2019Australie en<del> juillet et<\/del> ao\u00fbt et septembre. Vous serez en \u00e9t\u00e9 et nous en hiver (bon j\u2019avoue\u2026sympa l\u2019hiver puisque les temp\u00e9ratures avoisineront celles d\u2019un printemps dans l\u2019hexagone). <del>Puis fin ao\u00fbt d\u00e9part pour cette fois-ci l\u2019hiver (le vrai\u00a0!) n\u00e9oz\u00e9landais pour 30 jours\u00a0!<\/del><\/p>\n<p style=\"text-align: justify;\">Fin septembre nous volerons direction l\u2019Am\u00e9rique Centrale, le dernier continent de notre tour du monde, avec une escale de 20 jours au Costa-Rica et de 12 jours au Nicaragua courant octobre. Nous continuerons notre route en Honduras (20 jours) puis au Guatemala (20 jours \u00e9galement), ce qui nous am\u00e8nera autour du 10 d\u00e9cembre.<\/p>\n<p style=\"text-align: justify;\">Enfin, notre dernier pays le Mexique, o\u00f9 nous devrions passer une vingtaine de jours dans la province du Yucatan. Nous envisageons donc notre retour en France entre No\u00ebl et le jour de l\u2019an.<\/p>\n<p style=\"text-align: justify;\">J\u2019esp\u00e8re que ce billet aura r\u00e9pondu \u00e0 vos questions concernant le timing de notre voyage et les pays visit\u00e9s. Bien entendu, le nombre de jours par pays est donn\u00e9 \u00e0 titre indicatif et pourra varier en fonction de notre \u00e9tat d\u2019esprit et de nos coups de c\u0153ur (ou non\u2026).<\/p>\n<p style=\"text-align: justify;\">A tr\u00e8s vite.<\/p>\n","protected":false},"excerpt":{"rendered":"<p>Un article qui va int\u00e9resser beaucoup de monde, j\u2019en suis s\u00fbre\u2026 En effet ce billet va vous permettre de savoir, par mois, dans quel pays nous serons. Un tableau qui permettra \u00e0 certains de choisir \u00e0 quel moment ils viennent nous faire un coucou durant notre parcours \ud83d\ude42 !<\/p>\n","protected":false},"author":1,"featured_media":308,"comment_status":"open","ping_status":"open","sticky":false,"template":"","format":"standard","meta":{"sharing_disabled":false,"switch_like_status":false,"spay_email":"","jetpack_publicize_message":""},"categories":[4,61],"tags":[24,31,28],"jetpack_featured_media_url":"https:\/\/i0.wp.com\/www.marionetrenaud.fr\/tdm\/wp-content\/uploads\/2014\/09\/affiche-carte-monde-enfants-mercier.jpg?fit=1038%2C576","jetpack_publicize_connections":[],"jetpack_shortlink":"https:\/\/wp.me\/p4XfH7-14","_links":{"self":[{"href":"http:\/\/www.marionetrenaud.fr\/tdm\/wp-json\/wp\/v2\/posts\/66"}],"collection":[{"href":"http:\/\/www.marionetrenaud.fr\/tdm\/wp-json\/wp\/v2\/posts"}],"about":[{"href":"http:\/\/www.marionetrenaud.fr\/tdm\/wp-json\/wp\/v2\/types\/post"}],"author":[{"embeddable":true,"href":"http:\/\/www.marionetrenaud.fr\/tdm\/wp-json\/wp\/v2\/users\/1"}],"replies":[{"embeddable":true,"href":"http:\/\/www.marionetrenaud.fr\/tdm\/wp-json\/wp\/v2\/comments?post=66"}],"version-history":[{"count":10,"href":"http:\/\/www.marionetrenaud.fr\/tdm\/wp-json\/wp\/v2\/posts\/66\/revisions"}],"predecessor-version":[{"id":397,"href":"http:\/\/www.marionetrenaud.fr\/tdm\/wp-json\/wp\/v2\/posts\/66\/revisions\/397"}],"wp:featuredmedia":[{"embeddable":true,"href":"http:\/\/www.marionetrenaud.fr\/tdm\/wp-json\/wp\/v2\/media\/308"}],"wp:attachment":[{"href":"http:\/\/www.marionetrenaud.fr\/tdm\/wp-json\/wp\/v2\/media?parent=66"}],"wp:term":[{"taxonomy":"category","embeddable":true,"href":"http:\/\/www.marionetrenaud.fr\/tdm\/wp-json\/wp\/v2\/categories?post=66"},{"taxonomy":"post_tag","embeddable":true,"href":"http:\/\/www.marionetrenaud.fr\/tdm\/wp-json\/wp\/v2\/tags?post=66"}],"curies":[{"name":"wp","href":"https:\/\/api.w.org\/{rel}","templated":true}]}}