{"id":658,"date":"2015-01-02T12:03:15","date_gmt":"2015-01-02T11:03:15","guid":{"rendered":"http:\/\/www.marionetrenaud.fr\/tdm\/?p=658"},"modified":"2015-01-02T12:03:45","modified_gmt":"2015-01-02T11:03:45","slug":"jour-j-le-depart","status":"publish","type":"post","link":"http:\/\/www.marionetrenaud.fr\/tdm\/jour-j-le-depart\/","title":{"rendered":"Jour J &#8211; le d\u00e9part"},"content":{"rendered":"<p style=\"text-align: justify;\">Aujourd&rsquo;hui c&rsquo;est le <strong>grand d\u00e9part<\/strong> !<\/p>\n<p style=\"text-align: justify;\">Cela fait maintenant <strong>un an que nous nous sommes d\u00e9cid\u00e9s \u00e0 partir<\/strong> faire le tour du monde et nous y voici !<\/p>\n<p style=\"text-align: justify;\">Les derni\u00e8res semaines ont \u00e9t\u00e9 l&rsquo;occasion dire aurevoir \u00e0 tout le monde, de voir une derni\u00e8re fois certaines personnes avant un an, de finir les derniers pr\u00e9paratifs et aussi de profiter des bonnes joies de la gastronomie fran\u00e7aise!<!--more--><\/p>\n<p style=\"text-align: justify;\">Ce matin, apr\u00e8s nous \u00eatre lev\u00e9s \u00e0 5h15, d\u00e9part pour Gen\u00e8ve o\u00f9 nous avions notre <strong>premier vol pour Paris<\/strong> \u00e0 9h10.<\/p>\n<p style=\"text-align: justify;\"><a href=\"https:\/\/i2.wp.com\/www.marionetrenaud.fr\/tdm\/wp-content\/uploads\/2015\/01\/d\u00e9part_geneve.jpg\" data-rel=\"lightbox-gallery-LDThoR7a\" data-rl_title=\"\" data-rl_caption=\"\" title=\"\"><img decoding=\"async\" loading=\"lazy\" class=\"aligncenter wp-image-662\" src=\"https:\/\/i2.wp.com\/www.marionetrenaud.fr\/tdm\/wp-content\/uploads\/2015\/01\/d\u00e9part_geneve.jpg?resize=500%2C332\" alt=\"d\u00e9part_geneve\" width=\"500\" height=\"332\" srcset=\"https:\/\/i2.wp.com\/www.marionetrenaud.fr\/tdm\/wp-content\/uploads\/2015\/01\/d\u00e9part_geneve.jpg?resize=1024%2C680 1024w, https:\/\/i2.wp.com\/www.marionetrenaud.fr\/tdm\/wp-content\/uploads\/2015\/01\/d\u00e9part_geneve.jpg?resize=300%2C199 300w, https:\/\/i2.wp.com\/www.marionetrenaud.fr\/tdm\/wp-content\/uploads\/2015\/01\/d\u00e9part_geneve.jpg?w=1280 1280w\" sizes=\"(max-width: 500px) 100vw, 500px\" data-recalc-dims=\"1\" \/><\/a><\/p>\n<p style=\"text-align: justify;\">Depuis l&rsquo;a\u00e9roport Charles de Gaulle, nous avons donc l&rsquo;occasion d&rsquo;\u00e9crire un dernier petit article.<\/p>\n<p style=\"text-align: justify;\">Notre prochain vol est maintenant dans un peu moins de 2h, en direction d&rsquo;<strong>Ho Chi Minh<\/strong> (au Vietnam) puis ensuite direction <strong>Bangkok<\/strong> pour enfin d\u00e9buter notre aventure !<\/p>\n<p style=\"text-align: justify;\">Nous devrions arriver <strong>un peu apr\u00e8s 4h du matin (heure fran\u00e7aise) cette nuit \u00e0 Bangkok<\/strong>.<\/p>\n<p style=\"text-align: justify;\">Nous aurons un <strong>d\u00e9calage de +6h<\/strong> par rapport \u00e0 l&rsquo;heure fran\u00e7aise pendant ces deux premi\u00e8res semaines.<\/p>\n<p style=\"text-align: justify;\">A tr\u00e8s vite pour de premi\u00e8res nouvelles depuis la Tha\u00eflande!<\/p>\n<p style=\"text-align: justify;\">Si jamais ce n&rsquo;est pas encore le cas, <strong>n&rsquo;h\u00e9sitez pas \u00e0 vous abonner \u00e0 notre newsletter ou \u00e0 notre page Facebook<\/strong>!<\/p>\n","protected":false},"excerpt":{"rendered":"<p>Aujourd&rsquo;hui c&rsquo;est le grand d\u00e9part ! Cela fait maintenant un an que nous nous sommes d\u00e9cid\u00e9s \u00e0 partir faire le tour du monde et nous y voici ! Les derni\u00e8res semaines ont \u00e9t\u00e9 l&rsquo;occasion dire aurevoir \u00e0 tout le monde, de voir une derni\u00e8re fois certaines personnes avant un an, de finir les derniers pr\u00e9paratifs [&hellip;]<\/p>\n","protected":false},"author":1,"featured_media":661,"comment_status":"open","ping_status":"open","sticky":false,"template":"","format":"standard","meta":{"sharing_disabled":false,"switch_like_status":false,"spay_email":"","jetpack_publicize_message":""},"categories":[22],"tags":[43,28],"jetpack_featured_media_url":"https:\/\/i1.wp.com\/www.marionetrenaud.fr\/tdm\/wp-content\/uploads\/2015\/01\/depart_une.jpg?fit=1280%2C850","jetpack_publicize_connections":[],"jetpack_shortlink":"https:\/\/wp.me\/p4XfH7-aC","_links":{"self":[{"href":"http:\/\/www.marionetrenaud.fr\/tdm\/wp-json\/wp\/v2\/posts\/658"}],"collection":[{"href":"http:\/\/www.marionetrenaud.fr\/tdm\/wp-json\/wp\/v2\/posts"}],"about":[{"href":"http:\/\/www.marionetrenaud.fr\/tdm\/wp-json\/wp\/v2\/types\/post"}],"author":[{"embeddable":true,"href":"http:\/\/www.marionetrenaud.fr\/tdm\/wp-json\/wp\/v2\/users\/1"}],"replies":[{"embeddable":true,"href":"http:\/\/www.marionetrenaud.fr\/tdm\/wp-json\/wp\/v2\/comments?post=658"}],"version-history":[{"count":7,"href":"http:\/\/www.marionetrenaud.fr\/tdm\/wp-json\/wp\/v2\/posts\/658\/revisions"}],"predecessor-version":[{"id":667,"href":"http:\/\/www.marionetrenaud.fr\/tdm\/wp-json\/wp\/v2\/posts\/658\/revisions\/667"}],"wp:featuredmedia":[{"embeddable":true,"href":"http:\/\/www.marionetrenaud.fr\/tdm\/wp-json\/wp\/v2\/media\/661"}],"wp:attachment":[{"href":"http:\/\/www.marionetrenaud.fr\/tdm\/wp-json\/wp\/v2\/media?parent=658"}],"wp:term":[{"taxonomy":"category","embeddable":true,"href":"http:\/\/www.marionetrenaud.fr\/tdm\/wp-json\/wp\/v2\/categories?post=658"},{"taxonomy":"post_tag","embeddable":true,"href":"http:\/\/www.marionetrenaud.fr\/tdm\/wp-json\/wp\/v2\/tags?post=658"}],"curies":[{"name":"wp","href":"https:\/\/api.w.org\/{rel}","templated":true}]}}