{"id":3364,"date":"2015-11-19T20:30:58","date_gmt":"2015-11-20T02:30:58","guid":{"rendered":"http:\/\/www.marionetrenaud.fr\/tdm\/?p=3364"},"modified":"2015-11-14T17:48:41","modified_gmt":"2015-11-14T23:48:41","slug":"copan-nos-premiers-pas-dans-le-monde-maya","status":"publish","type":"post","link":"http:\/\/www.marionetrenaud.fr\/tdm\/copan-nos-premiers-pas-dans-le-monde-maya\/","title":{"rendered":"Copan, nos premiers pas dans le monde Maya"},"content":{"rendered":"<p style=\"text-align: justify;\">L&rsquo;un des <strong>sites mayas<\/strong> les plus au Sud du continent, <strong>Copan<\/strong> est pour nous la premi\u00e8re \u00e9tape de notre <strong>d\u00e9couverte du monde Maya<\/strong>, qui nous emm\u00e8nera jusqu&rsquo;au Mexique, point final de notre tour du monde.<\/p>\n<p style=\"text-align: justify;\">Les travaux d&rsquo;arch\u00e9ologie r\u00e9alis\u00e9s jusqu&rsquo;\u00e0 maintenant sur le site de Copan, class\u00e9 au patrimoine mondial de l&rsquo;Unesco en 1980, <!--more-->ont permis de d\u00e9montrer que <strong>l&rsquo;histoire du site a d\u00e9but\u00e9<\/strong> au minimum <strong>en 426<\/strong> avec l&rsquo;arriv\u00e9e au pouvoir de <em>K&rsquo;inich Yax K&rsquo;uk&rsquo; Mo&rsquo;<\/em>, que l&rsquo;on retrouve repr\u00e9sent\u00e9 sur l&rsquo;Autel Q, \u00e9rig\u00e9 en 775 par le roi <em>Yax Pasaj<\/em>, avant-dernier souverain de l&rsquo;\u00e8re copan\u00e8que.<\/p>\n<p style=\"text-align: justify;\">Ce n&rsquo;est toutefois qu&rsquo;<strong>\u00e0 partir de 628<\/strong> et le r\u00e8gne de <em>Jaguar de Fum\u00e9e<\/em> puis de son fils <em>18-Lapin<\/em> que <strong>le site de Copan devient l&rsquo;une des plus puissantes cit\u00e9s mayas<\/strong>. C&rsquo;est d&rsquo;ailleurs \u00e0 cette \u00e9poque qu&rsquo;a \u00e9t\u00e9 \u00e9rig\u00e9 le <strong>jeu de balle de Copan<\/strong>, le second plus grand terrain de jeu de balle d&rsquo;Am\u00e9rique Centrale.<\/p>\n<p style=\"text-align: justify;\"><a href=\"https:\/\/i1.wp.com\/www.marionetrenaud.fr\/tdm\/wp-content\/uploads\/2015\/11\/Copan-Jeu-de-balle-1.jpg\" data-rel=\"lightbox-gallery-HupHuuVZ\" data-rl_title=\"\" data-rl_caption=\"\" title=\"\"><img decoding=\"async\" loading=\"lazy\" class=\"aligncenter size-medium wp-image-3344\" src=\"https:\/\/i1.wp.com\/www.marionetrenaud.fr\/tdm\/wp-content\/uploads\/2015\/11\/Copan-Jeu-de-balle-1.jpg?resize=500%2C332\" alt=\"Copan Jeu de balle 1\" width=\"500\" height=\"332\" srcset=\"https:\/\/i1.wp.com\/www.marionetrenaud.fr\/tdm\/wp-content\/uploads\/2015\/11\/Copan-Jeu-de-balle-1.jpg?resize=500%2C332 500w, https:\/\/i1.wp.com\/www.marionetrenaud.fr\/tdm\/wp-content\/uploads\/2015\/11\/Copan-Jeu-de-balle-1.jpg?resize=1024%2C680 1024w, https:\/\/i1.wp.com\/www.marionetrenaud.fr\/tdm\/wp-content\/uploads\/2015\/11\/Copan-Jeu-de-balle-1.jpg?w=1280 1280w\" sizes=\"(max-width: 500px) 100vw, 500px\" data-recalc-dims=\"1\" \/><\/a><\/p>\n<p style=\"text-align: justify;\"><a href=\"https:\/\/i2.wp.com\/www.marionetrenaud.fr\/tdm\/wp-content\/uploads\/2015\/11\/Copan-Jeu-de-balle-2.jpg\" data-rel=\"lightbox-gallery-HupHuuVZ\" data-rl_title=\"\" data-rl_caption=\"\" title=\"\"><img decoding=\"async\" loading=\"lazy\" class=\"aligncenter size-medium wp-image-3339\" src=\"https:\/\/i2.wp.com\/www.marionetrenaud.fr\/tdm\/wp-content\/uploads\/2015\/11\/Copan-Jeu-de-balle-2.jpg?resize=500%2C332\" alt=\"Copan Jeu de balle 2\" width=\"500\" height=\"332\" srcset=\"https:\/\/i2.wp.com\/www.marionetrenaud.fr\/tdm\/wp-content\/uploads\/2015\/11\/Copan-Jeu-de-balle-2.jpg?resize=500%2C332 500w, https:\/\/i2.wp.com\/www.marionetrenaud.fr\/tdm\/wp-content\/uploads\/2015\/11\/Copan-Jeu-de-balle-2.jpg?resize=1024%2C680 1024w, https:\/\/i2.wp.com\/www.marionetrenaud.fr\/tdm\/wp-content\/uploads\/2015\/11\/Copan-Jeu-de-balle-2.jpg?w=1280 1280w\" sizes=\"(max-width: 500px) 100vw, 500px\" data-recalc-dims=\"1\" \/><\/a><\/p>\n<p style=\"text-align: center;\"><em>Le jeu de balle de Copan<\/em><\/p>\n<p style=\"text-align: justify;\">Les r\u00e8gnes de <em>Jaguar de Fum\u00e9e<\/em> et plus particuli\u00e8rement de son fils <em>18-Lapin<\/em> ont \u00e9t\u00e9 si importants que <strong>de nombreuses st\u00e8les ont \u00e9t\u00e9 ensuite \u00e9rig\u00e9es sur la Grande Place<\/strong>. Les st\u00e8les sont aujourd&rsquo;hui encore en excellent \u00e9tat et il est m\u00eame possible d&rsquo;observer la couleur sur l&rsquo;une d&rsquo;elles. Chacune de ces st\u00e8les abrite une chambre d&rsquo;offrandes et repr\u00e9sente le souverrain incarn\u00e9 en divinit\u00e9. Les autels situ\u00e9s devant chaque st\u00e8le permettaient d&rsquo;accomplir les sacrifices.<\/p>\n<p style=\"text-align: justify;\"><a href=\"https:\/\/i2.wp.com\/www.marionetrenaud.fr\/tdm\/wp-content\/uploads\/2015\/11\/Copan-stele-7.jpg\" data-rel=\"lightbox-gallery-HupHuuVZ\" data-rl_title=\"\" data-rl_caption=\"\" title=\"\"><img decoding=\"async\" loading=\"lazy\" class=\"aligncenter size-medium wp-image-3347\" src=\"https:\/\/i2.wp.com\/www.marionetrenaud.fr\/tdm\/wp-content\/uploads\/2015\/11\/Copan-stele-7.jpg?resize=332%2C500\" alt=\"Copan stele 7\" width=\"332\" height=\"500\" srcset=\"https:\/\/i2.wp.com\/www.marionetrenaud.fr\/tdm\/wp-content\/uploads\/2015\/11\/Copan-stele-7.jpg?resize=332%2C500 332w, https:\/\/i2.wp.com\/www.marionetrenaud.fr\/tdm\/wp-content\/uploads\/2015\/11\/Copan-stele-7.jpg?resize=680%2C1024 680w, https:\/\/i2.wp.com\/www.marionetrenaud.fr\/tdm\/wp-content\/uploads\/2015\/11\/Copan-stele-7.jpg?w=850 850w\" sizes=\"(max-width: 332px) 100vw, 332px\" data-recalc-dims=\"1\" \/><\/a><\/p>\n<p style=\"text-align: justify;\"><a href=\"https:\/\/i1.wp.com\/www.marionetrenaud.fr\/tdm\/wp-content\/uploads\/2015\/11\/Copan-stele-5.jpg\" data-rel=\"lightbox-gallery-HupHuuVZ\" data-rl_title=\"\" data-rl_caption=\"\" title=\"\"><img decoding=\"async\" loading=\"lazy\" class=\"aligncenter size-medium wp-image-3348\" src=\"https:\/\/i1.wp.com\/www.marionetrenaud.fr\/tdm\/wp-content\/uploads\/2015\/11\/Copan-stele-5.jpg?resize=332%2C500\" alt=\"Copan stele 5\" width=\"332\" height=\"500\" srcset=\"https:\/\/i1.wp.com\/www.marionetrenaud.fr\/tdm\/wp-content\/uploads\/2015\/11\/Copan-stele-5.jpg?resize=332%2C500 332w, https:\/\/i1.wp.com\/www.marionetrenaud.fr\/tdm\/wp-content\/uploads\/2015\/11\/Copan-stele-5.jpg?resize=680%2C1024 680w, https:\/\/i1.wp.com\/www.marionetrenaud.fr\/tdm\/wp-content\/uploads\/2015\/11\/Copan-stele-5.jpg?w=850 850w\" sizes=\"(max-width: 332px) 100vw, 332px\" data-recalc-dims=\"1\" \/><\/a><\/p>\n<p style=\"text-align: justify;\"><a href=\"https:\/\/i1.wp.com\/www.marionetrenaud.fr\/tdm\/wp-content\/uploads\/2015\/11\/Copan-stele-3.jpg\" data-rel=\"lightbox-gallery-HupHuuVZ\" data-rl_title=\"\" data-rl_caption=\"\" title=\"\"><img decoding=\"async\" loading=\"lazy\" class=\"aligncenter size-medium wp-image-3350\" src=\"https:\/\/i1.wp.com\/www.marionetrenaud.fr\/tdm\/wp-content\/uploads\/2015\/11\/Copan-stele-3.jpg?resize=332%2C500\" alt=\"Copan stele 3\" width=\"332\" height=\"500\" srcset=\"https:\/\/i1.wp.com\/www.marionetrenaud.fr\/tdm\/wp-content\/uploads\/2015\/11\/Copan-stele-3.jpg?resize=332%2C500 332w, https:\/\/i1.wp.com\/www.marionetrenaud.fr\/tdm\/wp-content\/uploads\/2015\/11\/Copan-stele-3.jpg?resize=680%2C1024 680w, https:\/\/i1.wp.com\/www.marionetrenaud.fr\/tdm\/wp-content\/uploads\/2015\/11\/Copan-stele-3.jpg?w=850 850w\" sizes=\"(max-width: 332px) 100vw, 332px\" data-recalc-dims=\"1\" \/><\/a><\/p>\n<p style=\"text-align: justify;\"><a href=\"https:\/\/i0.wp.com\/www.marionetrenaud.fr\/tdm\/wp-content\/uploads\/2015\/11\/Copan-stele-4.jpg\" data-rel=\"lightbox-gallery-HupHuuVZ\" data-rl_title=\"\" data-rl_caption=\"\" title=\"\"><img decoding=\"async\" loading=\"lazy\" class=\"aligncenter size-medium wp-image-3349\" src=\"https:\/\/i0.wp.com\/www.marionetrenaud.fr\/tdm\/wp-content\/uploads\/2015\/11\/Copan-stele-4.jpg?resize=500%2C332\" alt=\"Copan stele 4\" width=\"500\" height=\"332\" srcset=\"https:\/\/i0.wp.com\/www.marionetrenaud.fr\/tdm\/wp-content\/uploads\/2015\/11\/Copan-stele-4.jpg?resize=500%2C332 500w, https:\/\/i0.wp.com\/www.marionetrenaud.fr\/tdm\/wp-content\/uploads\/2015\/11\/Copan-stele-4.jpg?resize=1024%2C680 1024w, https:\/\/i0.wp.com\/www.marionetrenaud.fr\/tdm\/wp-content\/uploads\/2015\/11\/Copan-stele-4.jpg?w=1280 1280w\" sizes=\"(max-width: 500px) 100vw, 500px\" data-recalc-dims=\"1\" \/><\/a><\/p>\n<p style=\"text-align: justify;\"><a href=\"https:\/\/i2.wp.com\/www.marionetrenaud.fr\/tdm\/wp-content\/uploads\/2015\/11\/Copan-stele-2.jpg\" data-rel=\"lightbox-gallery-HupHuuVZ\" data-rl_title=\"\" data-rl_caption=\"\" title=\"\"><img decoding=\"async\" loading=\"lazy\" class=\"aligncenter size-medium wp-image-3351\" src=\"https:\/\/i2.wp.com\/www.marionetrenaud.fr\/tdm\/wp-content\/uploads\/2015\/11\/Copan-stele-2.jpg?resize=332%2C500\" alt=\"Copan stele 2\" width=\"332\" height=\"500\" srcset=\"https:\/\/i2.wp.com\/www.marionetrenaud.fr\/tdm\/wp-content\/uploads\/2015\/11\/Copan-stele-2.jpg?resize=332%2C500 332w, https:\/\/i2.wp.com\/www.marionetrenaud.fr\/tdm\/wp-content\/uploads\/2015\/11\/Copan-stele-2.jpg?resize=680%2C1024 680w, https:\/\/i2.wp.com\/www.marionetrenaud.fr\/tdm\/wp-content\/uploads\/2015\/11\/Copan-stele-2.jpg?w=850 850w\" sizes=\"(max-width: 332px) 100vw, 332px\" data-recalc-dims=\"1\" \/><\/a><\/p>\n<p style=\"text-align: center;\"><em>Un extrait des st\u00e8les de la Grande Place<\/em><\/p>\n<p style=\"text-align: center;\"><a href=\"https:\/\/i0.wp.com\/www.marionetrenaud.fr\/tdm\/wp-content\/uploads\/2015\/11\/Copan-stele-1.jpg\" data-rel=\"lightbox-gallery-HupHuuVZ\" data-rl_title=\"\" data-rl_caption=\"\" title=\"\"><img decoding=\"async\" loading=\"lazy\" class=\"aligncenter size-medium wp-image-3352\" src=\"https:\/\/i0.wp.com\/www.marionetrenaud.fr\/tdm\/wp-content\/uploads\/2015\/11\/Copan-stele-1.jpg?resize=500%2C332\" alt=\"Copan stele 1\" width=\"500\" height=\"332\" srcset=\"https:\/\/i0.wp.com\/www.marionetrenaud.fr\/tdm\/wp-content\/uploads\/2015\/11\/Copan-stele-1.jpg?resize=500%2C332 500w, https:\/\/i0.wp.com\/www.marionetrenaud.fr\/tdm\/wp-content\/uploads\/2015\/11\/Copan-stele-1.jpg?resize=1024%2C680 1024w, https:\/\/i0.wp.com\/www.marionetrenaud.fr\/tdm\/wp-content\/uploads\/2015\/11\/Copan-stele-1.jpg?w=1280 1280w\" sizes=\"(max-width: 500px) 100vw, 500px\" data-recalc-dims=\"1\" \/><\/a><\/p>\n<p style=\"text-align: center;\"><em>Un autre st\u00e8le, situ\u00e9e pr\u00e8s de l&rsquo;Autel Q<\/em><\/p>\n<p style=\"text-align: justify;\"><strong>La vie de la cit\u00e9 se d\u00e9roulait principalement autour de l&rsquo;Acropole<\/strong>, un ensemble constitu\u00e9 de temples, de zones de rituels mais aussi d&rsquo;un secteur r\u00e9sidentiel.<\/p>\n<p style=\"text-align: justify;\"><a href=\"https:\/\/i1.wp.com\/www.marionetrenaud.fr\/tdm\/wp-content\/uploads\/2015\/11\/Copan-place-oriental.jpg\" data-rel=\"lightbox-gallery-HupHuuVZ\" data-rl_title=\"\" data-rl_caption=\"\" title=\"\"><img decoding=\"async\" loading=\"lazy\" class=\"aligncenter size-medium wp-image-3345\" src=\"https:\/\/i1.wp.com\/www.marionetrenaud.fr\/tdm\/wp-content\/uploads\/2015\/11\/Copan-place-oriental.jpg?resize=500%2C332\" alt=\"Copan place oriental\" width=\"500\" height=\"332\" srcset=\"https:\/\/i1.wp.com\/www.marionetrenaud.fr\/tdm\/wp-content\/uploads\/2015\/11\/Copan-place-oriental.jpg?resize=500%2C332 500w, https:\/\/i1.wp.com\/www.marionetrenaud.fr\/tdm\/wp-content\/uploads\/2015\/11\/Copan-place-oriental.jpg?resize=1024%2C680 1024w, https:\/\/i1.wp.com\/www.marionetrenaud.fr\/tdm\/wp-content\/uploads\/2015\/11\/Copan-place-oriental.jpg?w=1280 1280w\" sizes=\"(max-width: 500px) 100vw, 500px\" data-recalc-dims=\"1\" \/><\/a><\/p>\n<p style=\"text-align: center;\"><em>La place Orientale, au coeur de l&rsquo;Acropole<\/em><\/p>\n<p style=\"text-align: center;\"><a href=\"https:\/\/i0.wp.com\/www.marionetrenaud.fr\/tdm\/wp-content\/uploads\/2015\/11\/Copan-Temple-16-2.jpg\" data-rel=\"lightbox-gallery-HupHuuVZ\" data-rl_title=\"\" data-rl_caption=\"\" title=\"\"><img decoding=\"async\" loading=\"lazy\" class=\"aligncenter size-medium wp-image-3346\" src=\"https:\/\/i0.wp.com\/www.marionetrenaud.fr\/tdm\/wp-content\/uploads\/2015\/11\/Copan-Temple-16-2.jpg?resize=500%2C332\" alt=\"Copan Temple 16 2\" width=\"500\" height=\"332\" srcset=\"https:\/\/i0.wp.com\/www.marionetrenaud.fr\/tdm\/wp-content\/uploads\/2015\/11\/Copan-Temple-16-2.jpg?resize=500%2C332 500w, https:\/\/i0.wp.com\/www.marionetrenaud.fr\/tdm\/wp-content\/uploads\/2015\/11\/Copan-Temple-16-2.jpg?resize=1024%2C680 1024w, https:\/\/i0.wp.com\/www.marionetrenaud.fr\/tdm\/wp-content\/uploads\/2015\/11\/Copan-Temple-16-2.jpg?w=1280 1280w\" sizes=\"(max-width: 500px) 100vw, 500px\" data-recalc-dims=\"1\" \/><\/a><\/p>\n<p style=\"text-align: center;\"><a href=\"https:\/\/i2.wp.com\/www.marionetrenaud.fr\/tdm\/wp-content\/uploads\/2015\/11\/Copan-temple-16.jpg\" data-rel=\"lightbox-gallery-HupHuuVZ\" data-rl_title=\"\" data-rl_caption=\"\" title=\"\"><img decoding=\"async\" loading=\"lazy\" class=\"aligncenter size-medium wp-image-3353\" src=\"https:\/\/i2.wp.com\/www.marionetrenaud.fr\/tdm\/wp-content\/uploads\/2015\/11\/Copan-temple-16.jpg?resize=500%2C332\" alt=\"Copan temple 16\" width=\"500\" height=\"332\" srcset=\"https:\/\/i2.wp.com\/www.marionetrenaud.fr\/tdm\/wp-content\/uploads\/2015\/11\/Copan-temple-16.jpg?resize=500%2C332 500w, https:\/\/i2.wp.com\/www.marionetrenaud.fr\/tdm\/wp-content\/uploads\/2015\/11\/Copan-temple-16.jpg?resize=1024%2C680 1024w, https:\/\/i2.wp.com\/www.marionetrenaud.fr\/tdm\/wp-content\/uploads\/2015\/11\/Copan-temple-16.jpg?w=1280 1280w\" sizes=\"(max-width: 500px) 100vw, 500px\" data-recalc-dims=\"1\" \/><\/a><\/p>\n<p style=\"text-align: center;\"><em>Le Temple 16, l&rsquo;une des plus hautes constructions du site<\/em><\/p>\n<p style=\"text-align: justify;\">Le roi <em>18-Lapin<\/em> a \u00e9galement \u00e9t\u00e9 \u00e0 l&rsquo;origine de l&rsquo;un des plus beaux \u00e9difices du site, <strong>l&rsquo;escalier hi\u00e9roglyphique de 63 marches<\/strong>. Cet escalier qui a \u00e9t\u00e9 termin\u00e9 sous le r\u00e8gne de <em>Coquille de Fum\u00e9e<\/em>, 15\u00e8me roi de Copan, <strong>comporte le plus long texte maya connu avec 2 200 glyphes<\/strong>. Ces inscriptions ont \u00e9t\u00e9 taill\u00e9es directement dans la pierre des marches de l&rsquo;escalier. Malheureusement, seules 15 marches \u00e9taient \u00e0 leur place lors de la d\u00e9couverte de l&rsquo;escalier et le travail actuel n&rsquo;a pas permis de reconstituer ce puzzle int\u00e9gralement. Afin de conserver l&rsquo;\u00e9tat actuel des pierres, il est interdit de monter sur cet escalier.<\/p>\n<p style=\"text-align: justify;\"><a href=\"https:\/\/i2.wp.com\/www.marionetrenaud.fr\/tdm\/wp-content\/uploads\/2015\/11\/Copan-escalier-hieroglyphique-2.jpg\" data-rel=\"lightbox-gallery-HupHuuVZ\" data-rl_title=\"\" data-rl_caption=\"\" title=\"\"><img decoding=\"async\" loading=\"lazy\" class=\"aligncenter size-medium wp-image-3342\" src=\"https:\/\/i2.wp.com\/www.marionetrenaud.fr\/tdm\/wp-content\/uploads\/2015\/11\/Copan-escalier-hieroglyphique-2.jpg?resize=500%2C332\" alt=\"Copan escalier hieroglyphique 2\" width=\"500\" height=\"332\" srcset=\"https:\/\/i2.wp.com\/www.marionetrenaud.fr\/tdm\/wp-content\/uploads\/2015\/11\/Copan-escalier-hieroglyphique-2.jpg?resize=500%2C332 500w, https:\/\/i2.wp.com\/www.marionetrenaud.fr\/tdm\/wp-content\/uploads\/2015\/11\/Copan-escalier-hieroglyphique-2.jpg?resize=1024%2C680 1024w, https:\/\/i2.wp.com\/www.marionetrenaud.fr\/tdm\/wp-content\/uploads\/2015\/11\/Copan-escalier-hieroglyphique-2.jpg?w=1280 1280w\" sizes=\"(max-width: 500px) 100vw, 500px\" data-recalc-dims=\"1\" \/><\/a><\/p>\n<p style=\"text-align: justify;\"><a href=\"https:\/\/i0.wp.com\/www.marionetrenaud.fr\/tdm\/wp-content\/uploads\/2015\/11\/Copan-escalier-hieroglyphique-1.jpg\" data-rel=\"lightbox-gallery-HupHuuVZ\" data-rl_title=\"\" data-rl_caption=\"\" title=\"\"><img decoding=\"async\" loading=\"lazy\" class=\"aligncenter size-medium wp-image-3343\" src=\"https:\/\/i0.wp.com\/www.marionetrenaud.fr\/tdm\/wp-content\/uploads\/2015\/11\/Copan-escalier-hieroglyphique-1.jpg?resize=500%2C332\" alt=\"Copan escalier hieroglyphique 1\" width=\"500\" height=\"332\" srcset=\"https:\/\/i0.wp.com\/www.marionetrenaud.fr\/tdm\/wp-content\/uploads\/2015\/11\/Copan-escalier-hieroglyphique-1.jpg?resize=500%2C332 500w, https:\/\/i0.wp.com\/www.marionetrenaud.fr\/tdm\/wp-content\/uploads\/2015\/11\/Copan-escalier-hieroglyphique-1.jpg?resize=1024%2C680 1024w, https:\/\/i0.wp.com\/www.marionetrenaud.fr\/tdm\/wp-content\/uploads\/2015\/11\/Copan-escalier-hieroglyphique-1.jpg?w=1280 1280w\" sizes=\"(max-width: 500px) 100vw, 500px\" data-recalc-dims=\"1\" \/><\/a><\/p>\n<p style=\"text-align: center;\"><em>L&rsquo;escalier hi\u00e9roglyphique de Copan<\/em><\/p>\n<p style=\"text-align: justify;\">En 738, <strong><em>K&rsquo;ak Tiliw Chan Yoaat<\/em><\/strong>, le roi de Quiriqua, une autre cit\u00e9 maya proche de Copan, <strong>captura et sacrifia le roi <em>18-Lapin<\/em><\/strong>. Cette fin de r\u00e8gne marqua \u00e9galement <strong>la fin de la p\u00e9riode de gloire de Copan<\/strong>. Afin de tenter de rem\u00e9dier au choc de cette mise \u00e0 mort pour les habitants de la cit\u00e9 de Copan, <em>Singe de Fum\u00e9e<\/em>, le successeur de <em>18-Lapin<\/em>, tenta alors de mettre en place un syst\u00e8me de partage du pouvoir avec l&rsquo;aristocratie de l&rsquo;\u00e9poque. Malheureusement, l&rsquo;augmentation de la population de la cit\u00e9 de Copan entra\u00eena sa perte car la d\u00e9forestation augmenta de fa\u00e7on inqui\u00e9tante provoquand de graves inondations et un appauvrissement des terres. Les sacrifices furent alors multipli\u00e9s afin de contenter la royaut\u00e9 divine. Malheureusement, <strong>la cit\u00e9 de Copan v\u00e9cut ses derniers jours lors du r\u00e8gne du 17\u00e8me roi<\/strong>, <em>Ukit-Took<\/em>.<\/p>\n<p style=\"text-align: justify;\"><a href=\"https:\/\/i2.wp.com\/www.marionetrenaud.fr\/tdm\/wp-content\/uploads\/2015\/11\/Copan-Plaza-Central-1.jpg\" data-rel=\"lightbox-gallery-HupHuuVZ\" data-rl_title=\"\" data-rl_caption=\"\" title=\"\"><img decoding=\"async\" loading=\"lazy\" class=\"aligncenter size-medium wp-image-3340\" src=\"https:\/\/i2.wp.com\/www.marionetrenaud.fr\/tdm\/wp-content\/uploads\/2015\/11\/Copan-Plaza-Central-1.jpg?resize=500%2C332\" alt=\"Copan Plaza Central 1\" width=\"500\" height=\"332\" srcset=\"https:\/\/i2.wp.com\/www.marionetrenaud.fr\/tdm\/wp-content\/uploads\/2015\/11\/Copan-Plaza-Central-1.jpg?resize=500%2C332 500w, https:\/\/i2.wp.com\/www.marionetrenaud.fr\/tdm\/wp-content\/uploads\/2015\/11\/Copan-Plaza-Central-1.jpg?resize=1024%2C680 1024w, https:\/\/i2.wp.com\/www.marionetrenaud.fr\/tdm\/wp-content\/uploads\/2015\/11\/Copan-Plaza-Central-1.jpg?w=1280 1280w\" sizes=\"(max-width: 500px) 100vw, 500px\" data-recalc-dims=\"1\" \/><\/a><\/p>\n<p style=\"text-align: center;\"><em>La Grande Place de Copan<\/em><\/p>\n<p style=\"text-align: center;\"><a href=\"https:\/\/i2.wp.com\/www.marionetrenaud.fr\/tdm\/wp-content\/uploads\/2015\/11\/Copan-Plaza-Central-2.jpg\" data-rel=\"lightbox-gallery-HupHuuVZ\" data-rl_title=\"\" data-rl_caption=\"\" title=\"\"><img decoding=\"async\" loading=\"lazy\" class=\"aligncenter size-medium wp-image-3338\" src=\"https:\/\/i2.wp.com\/www.marionetrenaud.fr\/tdm\/wp-content\/uploads\/2015\/11\/Copan-Plaza-Central-2.jpg?resize=500%2C332\" alt=\"Copan Plaza Central 2\" width=\"500\" height=\"332\" srcset=\"https:\/\/i2.wp.com\/www.marionetrenaud.fr\/tdm\/wp-content\/uploads\/2015\/11\/Copan-Plaza-Central-2.jpg?resize=500%2C332 500w, https:\/\/i2.wp.com\/www.marionetrenaud.fr\/tdm\/wp-content\/uploads\/2015\/11\/Copan-Plaza-Central-2.jpg?resize=1024%2C680 1024w, https:\/\/i2.wp.com\/www.marionetrenaud.fr\/tdm\/wp-content\/uploads\/2015\/11\/Copan-Plaza-Central-2.jpg?w=1280 1280w\" sizes=\"(max-width: 500px) 100vw, 500px\" data-recalc-dims=\"1\" \/><\/a><\/p>\n<p style=\"text-align: justify;\">Durant le 12\u00e8me si\u00e8cle, la vall\u00e9e de Copan fut quasiement abandonn\u00e9e pour n&rsquo;\u00eatre red\u00e9couverte qu&rsquo;en 1570 par le conquistador Diego Garcia de Palacio. Les fouilles arch\u00e9ologiques ne d\u00e9but\u00e8rent qu&rsquo;en 1839 sous l&rsquo;impulsion d&rsquo;un explorateur nord-am\u00e9ricain qui voulut initialement d\u00e9monter pierres apr\u00e8s pierres le site et le transporter aux Etats-Unis.<\/p>\n<p style=\"text-align: justify;\"><a href=\"https:\/\/i2.wp.com\/www.marionetrenaud.fr\/tdm\/wp-content\/uploads\/2015\/11\/Copan-Parque-Central.jpg\" data-rel=\"lightbox-gallery-HupHuuVZ\" data-rl_title=\"\" data-rl_caption=\"\" title=\"\"><img decoding=\"async\" loading=\"lazy\" class=\"aligncenter size-medium wp-image-3354\" src=\"https:\/\/i2.wp.com\/www.marionetrenaud.fr\/tdm\/wp-content\/uploads\/2015\/11\/Copan-Parque-Central.jpg?resize=500%2C332\" alt=\"Copan Parque Central\" width=\"500\" height=\"332\" srcset=\"https:\/\/i2.wp.com\/www.marionetrenaud.fr\/tdm\/wp-content\/uploads\/2015\/11\/Copan-Parque-Central.jpg?resize=500%2C332 500w, https:\/\/i2.wp.com\/www.marionetrenaud.fr\/tdm\/wp-content\/uploads\/2015\/11\/Copan-Parque-Central.jpg?resize=1024%2C680 1024w, https:\/\/i2.wp.com\/www.marionetrenaud.fr\/tdm\/wp-content\/uploads\/2015\/11\/Copan-Parque-Central.jpg?w=1280 1280w\" sizes=\"(max-width: 500px) 100vw, 500px\" data-recalc-dims=\"1\" \/><\/a><\/p>\n<p style=\"text-align: center;\"><em>L&rsquo;\u00e9glise de Copan depuis le Parque Central de la ville<\/em><\/p>\n<blockquote>\n<p style=\"text-align: justify;\"><span style=\"font-size: 12pt;\"><strong>Les astuces de M &amp; R<\/strong><\/span><\/p>\n<ul>\n<li style=\"text-align: justify;\"><span style=\"text-decoration: underline;\"><em>trajet du Lac de Yojoa \u00e0 Copan :<\/em><\/span> il n&rsquo;existe <strong>aucun trajet direct pour rejoindre Copan<\/strong> et il faudra passer par l&rsquo;immense terminal de bus de San Pedro Sula :\n<ul>\n<li style=\"text-align: justify;\"><em>bus de Los Naranjos \u00e0 San Pedro Sula :<\/em> un bus est cens\u00e9 passer <strong>toutes les 30 minutes sur la route principale en direction de San Pedro Sula<\/strong>. Nous avons d\u00fb attendre environ 45 minutes pour en voir passer un. Le trajet dure <strong>environ 2h<\/strong> et co\u00fbte <strong>50 Lps par personne<\/strong>.<\/li>\n<li style=\"text-align: justify;\"><em>bus de San Pedro Sula \u00e0 Copan :<\/em> un mini-bus part <strong>toutes les heures fixes du terminal de San Pedro Sula<\/strong> pour Copan (hormis \u00e0 12h, il n&rsquo;y en a pas!). Le mini-bus est bond\u00e9, il y a des arr\u00eats en permanence mais il ne semble pas y avoir d&rsquo;autre choix. Le trajet dure <strong>4 heures<\/strong> pour un prix de <strong>140 Lps<\/strong>.<\/li>\n<\/ul>\n<\/li>\n<li style=\"text-align: justify;\"><span style=\"text-decoration: underline;\"><em>h\u00e9bergement \u00e0 Copan :<\/em><\/span> nous avons log\u00e9 au <strong>Via Via Caf\u00e9<\/strong> qui propose 5 chambres avec salle de bain. Le prix est de <strong>220 Lps<\/strong>, ce qui est tr\u00e8s correct pour la qualit\u00e9 de la chambre. Le personnel est tr\u00e8s serviable, le m\u00e9nage fait tous les jours. Seul petit b\u00e9mol, <strong>les nuits sont souvent bruyantes<\/strong> \u00e0 cause du bar voisin.<\/li>\n<li style=\"text-align: justify;\"><span style=\"text-decoration: underline;\"><em>visite du site de Copan :<\/em><\/span> situ\u00e9 \u00e0 <strong>moins de 2km de la ville<\/strong>, le site arch\u00e9ologique se visite en <strong>une demi-journ\u00e9e \u00e0 pieds<\/strong>. L&rsquo;entr\u00e9e co\u00fbte <strong>330 Lps par personne<\/strong> sans l&rsquo;acc\u00e8s aux deux tunnels ni au mus\u00e9e. Le site est <strong>ouvert de 8h00 \u00e0 16h30<\/strong>.<\/li>\n<li style=\"text-align: justify;\"><span style=\"text-decoration: underline;\"><em>pour se d\u00e9tendre pr\u00e8s de Copan :<\/em><\/span> nous avons \u00e9t\u00e9 aux <strong>sources d&rsquo;eau chaude situ\u00e9es \u00e0 Agua Caliente<\/strong> (le village porte bien son nom!). Le site s&rsquo;appelle <strong>Luna Jaguar Spa<\/strong>. Vous pouvez y acc\u00e9der en mini-bus depuis Copan (<strong>environ 1h15 de trajet<\/strong> pour un co\u00fbt de <strong>40 Lps par personne<\/strong>). L&rsquo;entr\u00e9e au site co\u00fbte <strong>200 Lps le matin<\/strong> et <strong>260 Lps l&rsquo;apr\u00e8s-midi<\/strong> (les tours organis\u00e9s viennent l&rsquo;apr\u00e8s-midi depuis Copan, il y a donc plus de monde) mais <strong>l&rsquo;endroit est vraiment relaxant<\/strong> ! Il y a plein de petits bassins d&rsquo;eau naturellement chauff\u00e9e, un jacuzzi, un bassin pour se faire un soin \u00e0 la boue,&#8230; Nous conseillons vraiment l&rsquo;endroit !<\/li>\n<\/ul>\n<p><a href=\"https:\/\/i2.wp.com\/www.marionetrenaud.fr\/tdm\/wp-content\/uploads\/2015\/11\/Luna-Jaguar-Agua-Caliente-3.jpg\" data-rel=\"lightbox-gallery-HupHuuVZ\" data-rl_title=\"\" data-rl_caption=\"\" title=\"\"><img decoding=\"async\" loading=\"lazy\" class=\"aligncenter size-medium wp-image-3355\" src=\"https:\/\/i2.wp.com\/www.marionetrenaud.fr\/tdm\/wp-content\/uploads\/2015\/11\/Luna-Jaguar-Agua-Caliente-3.jpg?resize=500%2C332\" alt=\"Luna Jaguar Agua Caliente 3\" width=\"500\" height=\"332\" srcset=\"https:\/\/i2.wp.com\/www.marionetrenaud.fr\/tdm\/wp-content\/uploads\/2015\/11\/Luna-Jaguar-Agua-Caliente-3.jpg?resize=500%2C332 500w, https:\/\/i2.wp.com\/www.marionetrenaud.fr\/tdm\/wp-content\/uploads\/2015\/11\/Luna-Jaguar-Agua-Caliente-3.jpg?resize=1024%2C680 1024w, https:\/\/i2.wp.com\/www.marionetrenaud.fr\/tdm\/wp-content\/uploads\/2015\/11\/Luna-Jaguar-Agua-Caliente-3.jpg?w=1280 1280w\" sizes=\"(max-width: 500px) 100vw, 500px\" data-recalc-dims=\"1\" \/><\/a><\/p>\n<p><a href=\"https:\/\/i1.wp.com\/www.marionetrenaud.fr\/tdm\/wp-content\/uploads\/2015\/11\/Luna-Jaguar-Agua-Caliente-1.jpg\" data-rel=\"lightbox-gallery-HupHuuVZ\" data-rl_title=\"\" data-rl_caption=\"\" title=\"\"><img decoding=\"async\" loading=\"lazy\" class=\"aligncenter size-medium wp-image-3357\" src=\"https:\/\/i1.wp.com\/www.marionetrenaud.fr\/tdm\/wp-content\/uploads\/2015\/11\/Luna-Jaguar-Agua-Caliente-1.jpg?resize=332%2C500\" alt=\"Luna Jaguar Agua Caliente 1\" width=\"332\" height=\"500\" srcset=\"https:\/\/i1.wp.com\/www.marionetrenaud.fr\/tdm\/wp-content\/uploads\/2015\/11\/Luna-Jaguar-Agua-Caliente-1.jpg?resize=332%2C500 332w, https:\/\/i1.wp.com\/www.marionetrenaud.fr\/tdm\/wp-content\/uploads\/2015\/11\/Luna-Jaguar-Agua-Caliente-1.jpg?resize=680%2C1024 680w, https:\/\/i1.wp.com\/www.marionetrenaud.fr\/tdm\/wp-content\/uploads\/2015\/11\/Luna-Jaguar-Agua-Caliente-1.jpg?w=850 850w\" sizes=\"(max-width: 332px) 100vw, 332px\" data-recalc-dims=\"1\" \/><\/a><\/p>\n<p><a href=\"https:\/\/i0.wp.com\/www.marionetrenaud.fr\/tdm\/wp-content\/uploads\/2015\/11\/Luna-Jaguar-Agua-Caliente-2.jpg\" data-rel=\"lightbox-gallery-HupHuuVZ\" data-rl_title=\"\" data-rl_caption=\"\" title=\"\"><img decoding=\"async\" loading=\"lazy\" class=\"aligncenter size-medium wp-image-3356\" src=\"https:\/\/i0.wp.com\/www.marionetrenaud.fr\/tdm\/wp-content\/uploads\/2015\/11\/Luna-Jaguar-Agua-Caliente-2.jpg?resize=332%2C500\" alt=\"Luna Jaguar Agua Caliente 2\" width=\"332\" height=\"500\" srcset=\"https:\/\/i0.wp.com\/www.marionetrenaud.fr\/tdm\/wp-content\/uploads\/2015\/11\/Luna-Jaguar-Agua-Caliente-2.jpg?resize=332%2C500 332w, https:\/\/i0.wp.com\/www.marionetrenaud.fr\/tdm\/wp-content\/uploads\/2015\/11\/Luna-Jaguar-Agua-Caliente-2.jpg?resize=680%2C1024 680w, https:\/\/i0.wp.com\/www.marionetrenaud.fr\/tdm\/wp-content\/uploads\/2015\/11\/Luna-Jaguar-Agua-Caliente-2.jpg?w=850 850w\" sizes=\"(max-width: 332px) 100vw, 332px\" data-recalc-dims=\"1\" \/><\/a><\/p>\n<p>&nbsp;<\/p>\n<ul>\n<li style=\"text-align: justify;\"><span style=\"text-decoration: underline;\"><em>pour se restaurer \u00e0 Agua Caliente :<\/em><\/span> le restaurant du spa Luna Jaguar est tr\u00e8s cher. Il est possible de trouver un <strong>petit restaurant au bout du village<\/strong> o\u00f9 les prix sont imbattables! En sortant du spa, prenez \u00e0 droite en direction du village, traversez le village et continuez jusqu&rsquo;au pont qui enjambe la rivi\u00e8re. Apr\u00e8s l&rsquo;avoir travers\u00e9, prenez \u00e0 droite et vous arriverez au petit restaurant. Nous avons mang\u00e9 pour 68 Lps (moins de 3 \u20ac) en offrant une boisson au petit gar\u00e7on qui nous a conduit au restaurant depuis le village ! Ce n&rsquo;est vraiment pas cher, et plut\u00f4t bon !<\/li>\n<\/ul>\n<\/blockquote>\n<p style=\"text-align: justify;\"><span style=\"text-decoration: underline;\">O\u00f9 se trouve Copan ?<\/span><\/p>\n<p style=\"text-align: justify;\"><div id='mapp0-layout' class='mapp-layout mapp-left mapp-leaflet  mapp-align-center' style='width: 425px;'><div class='mapp-wrapper' style='height: 350px' ><div class='mapp-main'><div class='mapp-canvas-panel'><div class='mapp-canvas' id='mapp0'><\/div><div class='mapp-controls'><\/div><div class='mapp-iw'><\/div><div class='mapp-dialog'><\/div><\/div><\/div><\/div><div class='mapp-directions'><span class='mapp-close' data-mapp-action='dir-cancel'><\/span><div><input class='mapp-dir-addr mapp-dir-saddr' tabindex='1'\/><span data-mapp-action='dir-swap' class='mapp-dir-arrows'><\/span><\/div><div><input class='mapp-dir-addr mapp-dir-daddr' tabindex='2'\/><\/div><div class='mapp-dir-toolbar'><span class='mapp-button-submit' data-mapp-action='dir-get'>Itin\u00e9raires<\/span><span class='mapp-spinner'><\/span><\/div><div class='mapp-dir-renderer'><\/div><\/div><\/div><\/p>\n","protected":false},"excerpt":{"rendered":"<p>L&rsquo;un des sites mayas les plus au Sud du continent, Copan est pour nous la premi\u00e8re \u00e9tape de notre d\u00e9couverte du monde Maya, qui nous emm\u00e8nera jusqu&rsquo;au Mexique, point final de notre tour du monde. Les travaux d&rsquo;arch\u00e9ologie r\u00e9alis\u00e9s jusqu&rsquo;\u00e0 maintenant sur le site de Copan, class\u00e9 au patrimoine mondial de l&rsquo;Unesco en 1980,<\/p>\n","protected":false},"author":1,"featured_media":3353,"comment_status":"open","ping_status":"open","sticky":false,"template":"","format":"standard","meta":{"sharing_disabled":false,"switch_like_status":false,"spay_email":"","jetpack_publicize_message":""},"categories":[16,61],"tags":[238,237,239],"jetpack_featured_media_url":"https:\/\/i2.wp.com\/www.marionetrenaud.fr\/tdm\/wp-content\/uploads\/2015\/11\/Copan-temple-16.jpg?fit=1280%2C850","jetpack_publicize_connections":[],"jetpack_shortlink":"https:\/\/wp.me\/p4XfH7-Sg","_links":{"self":[{"href":"http:\/\/www.marionetrenaud.fr\/tdm\/wp-json\/wp\/v2\/posts\/3364"}],"collection":[{"href":"http:\/\/www.marionetrenaud.fr\/tdm\/wp-json\/wp\/v2\/posts"}],"about":[{"href":"http:\/\/www.marionetrenaud.fr\/tdm\/wp-json\/wp\/v2\/types\/post"}],"author":[{"embeddable":true,"href":"http:\/\/www.marionetrenaud.fr\/tdm\/wp-json\/wp\/v2\/users\/1"}],"replies":[{"embeddable":true,"href":"http:\/\/www.marionetrenaud.fr\/tdm\/wp-json\/wp\/v2\/comments?post=3364"}],"version-history":[{"count":1,"href":"http:\/\/www.marionetrenaud.fr\/tdm\/wp-json\/wp\/v2\/posts\/3364\/revisions"}],"predecessor-version":[{"id":3365,"href":"http:\/\/www.marionetrenaud.fr\/tdm\/wp-json\/wp\/v2\/posts\/3364\/revisions\/3365"}],"wp:featuredmedia":[{"embeddable":true,"href":"http:\/\/www.marionetrenaud.fr\/tdm\/wp-json\/wp\/v2\/media\/3353"}],"wp:attachment":[{"href":"http:\/\/www.marionetrenaud.fr\/tdm\/wp-json\/wp\/v2\/media?parent=3364"}],"wp:term":[{"taxonomy":"category","embeddable":true,"href":"http:\/\/www.marionetrenaud.fr\/tdm\/wp-json\/wp\/v2\/categories?post=3364"},{"taxonomy":"post_tag","embeddable":true,"href":"http:\/\/www.marionetrenaud.fr\/tdm\/wp-json\/wp\/v2\/tags?post=3364"}],"curies":[{"name":"wp","href":"https:\/\/api.w.org\/{rel}","templated":true}]}}