{"id":3220,"date":"2015-11-05T20:30:13","date_gmt":"2015-11-06T02:30:13","guid":{"rendered":"http:\/\/www.marionetrenaud.fr\/tdm\/?p=3220"},"modified":"2015-10-31T17:13:30","modified_gmt":"2015-10-31T23:13:30","slug":"leon-et-le-cerro-negro-en-2-jours","status":"publish","type":"post","link":"http:\/\/www.marionetrenaud.fr\/tdm\/leon-et-le-cerro-negro-en-2-jours\/","title":{"rendered":"Leon et le Cerro Negro en 2 jours"},"content":{"rendered":"<p style=\"text-align: justify;\">Nous poursuivons notre remont\u00e9e du Nicaragua pour rejoindre la ville de <strong>Leon<\/strong>, qui doit une grande partie de son attractivit\u00e9 \u00e0 sa proximit\u00e9 avec de nombreux volcans.<\/p>\n<p style=\"text-align: justify;\">Alors que nous pensions que certains bus faisaient le trajet direct entre Masaya et Leon, nous sommes oblig\u00e9s de faire un stop \u00e0 Managua, la capitale du Nicaragua, pour changer de bus. <!--more-->Une fois \u00e0 Managua, que nous avons rejoint en moins d&rsquo;une heure, il nous faut aller \u00e0 un autre terminal de bus, situ\u00e9 de l&rsquo;autre c\u00f4t\u00e9 de la ville. Le bus est archi-bond\u00e9 mais l&rsquo;avantage d&rsquo;avoir nos gros sacs et que l&rsquo;on nous fait assoir rapidement pour lib\u00e9rer de la place debout et entasser encore plus de monde! Nous faisons le tour de la ville, d&rsquo;un immense march\u00e9 et n&rsquo;arrivons pas vraiment \u00e0 savoir o\u00f9 nous sommes quand notre chauffeur nous indique que nous devons descendre au prochain arr\u00eat. Et manque de bol, c&rsquo;est \u00e0 ce m\u00eame moment qu&rsquo;<strong>un d\u00e9luge s&rsquo;abat sur la ville<\/strong>! En quelques minutes les rues sont remplies d&rsquo;eau et nous courons nous abriter dans un petit magasin d&rsquo;\u00e9lectrom\u00e9nager. L&rsquo;intensit\u00e9 de la pluie diminuant, nous rejoignons la gare de bus \u00e0 pied; cette derni\u00e8re n&rsquo;\u00e9tant finalement pas si proche que \u00e7a de l&rsquo;arr\u00eat de bus&#8230; Nous montons rapidement dans un bus en direction de Leon avant que la pluie ne reprenne. Nous ne sommes pas encore sortis de Managua que le bus s&rsquo;arr\u00eate net. Le chauffeur et les deux assistants sortent avec des outils. Visiblement nous avons un <strong>probl\u00e8me au niveau du moteur<\/strong>. Heureusement, la panne est assez vite r\u00e9par\u00e9e et nous pouvons reprendre notre route. Comme toujours au Nicaragua, le bus s&rsquo;arr\u00eate tous les 30 secondes pour faire descendre ou monter un passager. La pluie s&rsquo;intensifie par moment et le chauffeur roule comme un dingue. Nous sommes secou\u00e9s et serr\u00e9s comme des sardines! Nous arrivons toutefois entier \u00e0 Leon, la pluie a cess\u00e9, tout va bien! Apr\u00e8s un petit arr\u00eat d\u00e9jeuner, nous partons \u00e0 la recherche des h\u00f4tels que j&rsquo;ai rep\u00e9r\u00e9 sur internet la veille. Impossible de trouver les deux adresses, nous faisons les rues dans un sens puis dans l&rsquo;autre, nous demandons aux habitants qui nous envoient l&rsquo;un \u00e0 gauche, l&rsquo;autre \u00e0 droite&#8230; Bref personne ne semble conna\u00eetre ces 2 h\u00f4tels. Apr\u00e8s un looooonnnnnggggg moment nous trouvons un vigile qui nous indique ENFIN l&rsquo;un des deux. Nous le trouvons, une femme nous montre la chambre, sans salle de bains, et nous dit qu&rsquo;ils ont un autre h\u00f4tel un peu plus loin avec des chambres avec salle de bain. Elle nous y emm\u00e8ne. Nous nous demandons encore ce qui se passe dans la t\u00eate de certaines personnes lorsqu&rsquo;elles laissent des avis sur Internet. L&rsquo;h\u00f4tel qui \u00e9tait cens\u00e9 \u00eatre \u00ab\u00a0trop super\u00a0\u00bb est en fait un genre de squat assez sombre pas vraiment bon march\u00e9! Nous d\u00e9clinons l&rsquo;offre et d\u00e9cidons de chercher autre chose. Etant pass\u00e9 devant un petit h\u00f4tel non loin de l\u00e0, nous d\u00e9cidons d&rsquo;aller le voir. Il s&rsquo;agit d&rsquo;une petite adresse familiale qui nous ira tr\u00e8s bien pour les quelques nuits que nous souhaitons passer \u00e0 Leon. Nous pouvons enfin poser nos sacs en fin d&rsquo;apr\u00e8s-midi. Nous faisons un petit tour pr\u00e8s de notre h\u00f4tel et finissons la journ\u00e9e dans un petit resto-bar tr\u00e8s sympa.<\/p>\n<p style=\"text-align: justify;\">Le lendemain matin, nous partons \u00e0 la d\u00e9couverte de la ville qui poss\u00e8de quelques <strong>jolis b\u00e2timents et march\u00e9s<\/strong>. Nous d\u00e9butons par le <strong>march\u00e9 San Juan<\/strong>, un petit march\u00e9 vraiment anim\u00e9 o\u00f9 l&rsquo;on trouve de tour. C&rsquo;est l&rsquo;occasion pour Marion de faire quelques portraits de locaux qui s&rsquo;y livrent avec grand plaisir ! Certains demandent m\u00eame d&rsquo;ailleurs d&rsquo;eux-m\u00eame \u00e0 \u00eatre pris en photo.<\/p>\n<p style=\"text-align: justify;\"><a href=\"https:\/\/i1.wp.com\/www.marionetrenaud.fr\/tdm\/wp-content\/uploads\/2015\/10\/Portrait-Leon-4.jpg\" data-rel=\"lightbox-gallery-hTRKkHvE\" data-rl_title=\"\" data-rl_caption=\"\" title=\"\"><img decoding=\"async\" loading=\"lazy\" class=\"aligncenter size-medium wp-image-3223\" src=\"https:\/\/i1.wp.com\/www.marionetrenaud.fr\/tdm\/wp-content\/uploads\/2015\/10\/Portrait-Leon-4.jpg?resize=332%2C500\" alt=\"Portrait Leon 4\" width=\"332\" height=\"500\" srcset=\"https:\/\/i1.wp.com\/www.marionetrenaud.fr\/tdm\/wp-content\/uploads\/2015\/10\/Portrait-Leon-4.jpg?resize=332%2C500 332w, https:\/\/i1.wp.com\/www.marionetrenaud.fr\/tdm\/wp-content\/uploads\/2015\/10\/Portrait-Leon-4.jpg?resize=680%2C1024 680w, https:\/\/i1.wp.com\/www.marionetrenaud.fr\/tdm\/wp-content\/uploads\/2015\/10\/Portrait-Leon-4.jpg?w=850 850w\" sizes=\"(max-width: 332px) 100vw, 332px\" data-recalc-dims=\"1\" \/><\/a><\/p>\n<p style=\"text-align: justify;\"><a href=\"https:\/\/i2.wp.com\/www.marionetrenaud.fr\/tdm\/wp-content\/uploads\/2015\/10\/Portrait-Leon-3.jpg\" data-rel=\"lightbox-gallery-hTRKkHvE\" data-rl_title=\"\" data-rl_caption=\"\" title=\"\"><img decoding=\"async\" loading=\"lazy\" class=\"aligncenter size-medium wp-image-3224\" src=\"https:\/\/i2.wp.com\/www.marionetrenaud.fr\/tdm\/wp-content\/uploads\/2015\/10\/Portrait-Leon-3.jpg?resize=332%2C500\" alt=\"Portrait Leon 3\" width=\"332\" height=\"500\" srcset=\"https:\/\/i2.wp.com\/www.marionetrenaud.fr\/tdm\/wp-content\/uploads\/2015\/10\/Portrait-Leon-3.jpg?resize=332%2C500 332w, https:\/\/i2.wp.com\/www.marionetrenaud.fr\/tdm\/wp-content\/uploads\/2015\/10\/Portrait-Leon-3.jpg?resize=680%2C1024 680w, https:\/\/i2.wp.com\/www.marionetrenaud.fr\/tdm\/wp-content\/uploads\/2015\/10\/Portrait-Leon-3.jpg?w=850 850w\" sizes=\"(max-width: 332px) 100vw, 332px\" data-recalc-dims=\"1\" \/><\/a><\/p>\n<p style=\"text-align: justify;\"><a href=\"https:\/\/i1.wp.com\/www.marionetrenaud.fr\/tdm\/wp-content\/uploads\/2015\/10\/Portrait-Leon-2.jpg\" data-rel=\"lightbox-gallery-hTRKkHvE\" data-rl_title=\"\" data-rl_caption=\"\" title=\"\"><img decoding=\"async\" loading=\"lazy\" class=\"aligncenter size-medium wp-image-3225\" src=\"https:\/\/i1.wp.com\/www.marionetrenaud.fr\/tdm\/wp-content\/uploads\/2015\/10\/Portrait-Leon-2.jpg?resize=332%2C500\" alt=\"Portrait Leon 2\" width=\"332\" height=\"500\" srcset=\"https:\/\/i1.wp.com\/www.marionetrenaud.fr\/tdm\/wp-content\/uploads\/2015\/10\/Portrait-Leon-2.jpg?resize=332%2C500 332w, https:\/\/i1.wp.com\/www.marionetrenaud.fr\/tdm\/wp-content\/uploads\/2015\/10\/Portrait-Leon-2.jpg?resize=680%2C1024 680w, https:\/\/i1.wp.com\/www.marionetrenaud.fr\/tdm\/wp-content\/uploads\/2015\/10\/Portrait-Leon-2.jpg?w=850 850w\" sizes=\"(max-width: 332px) 100vw, 332px\" data-recalc-dims=\"1\" \/><\/a><\/p>\n<p style=\"text-align: justify;\"><a href=\"https:\/\/i1.wp.com\/www.marionetrenaud.fr\/tdm\/wp-content\/uploads\/2015\/10\/Portrait-Leon-1.jpg\" data-rel=\"lightbox-gallery-hTRKkHvE\" data-rl_title=\"\" data-rl_caption=\"\" title=\"\"><img decoding=\"async\" loading=\"lazy\" class=\"aligncenter size-medium wp-image-3227\" src=\"https:\/\/i1.wp.com\/www.marionetrenaud.fr\/tdm\/wp-content\/uploads\/2015\/10\/Portrait-Leon-1.jpg?resize=500%2C332\" alt=\"Portrait Leon 1\" width=\"500\" height=\"332\" srcset=\"https:\/\/i1.wp.com\/www.marionetrenaud.fr\/tdm\/wp-content\/uploads\/2015\/10\/Portrait-Leon-1.jpg?resize=500%2C332 500w, https:\/\/i1.wp.com\/www.marionetrenaud.fr\/tdm\/wp-content\/uploads\/2015\/10\/Portrait-Leon-1.jpg?resize=1024%2C680 1024w, https:\/\/i1.wp.com\/www.marionetrenaud.fr\/tdm\/wp-content\/uploads\/2015\/10\/Portrait-Leon-1.jpg?w=1280 1280w\" sizes=\"(max-width: 500px) 100vw, 500px\" data-recalc-dims=\"1\" \/><\/a><\/p>\n<p style=\"text-align: center;\"><em>quelques portraits<\/em><\/p>\n<p style=\"text-align: center;\"><a href=\"https:\/\/i1.wp.com\/www.marionetrenaud.fr\/tdm\/wp-content\/uploads\/2015\/10\/Marche-Leon.jpg\" data-rel=\"lightbox-gallery-hTRKkHvE\" data-rl_title=\"\" data-rl_caption=\"\" title=\"\"><img decoding=\"async\" loading=\"lazy\" class=\"aligncenter size-medium wp-image-3226\" src=\"https:\/\/i1.wp.com\/www.marionetrenaud.fr\/tdm\/wp-content\/uploads\/2015\/10\/Marche-Leon.jpg?resize=500%2C332\" alt=\"Marche Leon\" width=\"500\" height=\"332\" srcset=\"https:\/\/i1.wp.com\/www.marionetrenaud.fr\/tdm\/wp-content\/uploads\/2015\/10\/Marche-Leon.jpg?resize=500%2C332 500w, https:\/\/i1.wp.com\/www.marionetrenaud.fr\/tdm\/wp-content\/uploads\/2015\/10\/Marche-Leon.jpg?resize=1024%2C680 1024w, https:\/\/i1.wp.com\/www.marionetrenaud.fr\/tdm\/wp-content\/uploads\/2015\/10\/Marche-Leon.jpg?w=1280 1280w\" sizes=\"(max-width: 500px) 100vw, 500px\" data-recalc-dims=\"1\" \/><\/a><\/p>\n<p style=\"text-align: center;\"><em>march\u00e9 San Juan<\/em><\/p>\n<p style=\"text-align: justify;\">Notre parcours se poursuit avec la visite des <strong>\u00e9glises San Juan et El Calvario<\/strong> avant de rejoindre le <strong>march\u00e9 central<\/strong>. Un peu moins typique et photog\u00e9nique, ce march\u00e9 est en revanche l&rsquo;endroit o\u00f9 les habitants peuvent absolument tout acheter (du kilo de tomates \u00e0 un nouveau matelas). Nous poursuivons la visite avec le centre de la ville, la <strong>basilique Asuncion<\/strong>, la plus grande d&rsquo;Am\u00e9rique Centrale, le <strong>parc central<\/strong>, entour\u00e9 notamment par le <strong>coll\u00e8ge<\/strong>, de style gothique, <strong>La Asuncion<\/strong>. L\u00e9g\u00e8rement d\u00e9\u00e7us par ce qui devait \u00eatre l&rsquo;\u00e9glise la plus photog\u00e9nique de la ville, l&rsquo;\u00e9glise San Sebastian qui a \u00e9t\u00e9 d\u00e9truite en 1979 est maintenant recouverte par des t\u00f4les, nous passons ensuite par le th\u00e9\u00e2tre de la ville, les <strong>\u00e9glises La Merced et La Recoleccion<\/strong>. La visite de la ville est assez rapide dans la mesure o\u00f9 nous ne visitons pas les mus\u00e9es mais reste agr\u00e9able.<\/p>\n<p style=\"text-align: justify;\"><a href=\"https:\/\/i1.wp.com\/www.marionetrenaud.fr\/tdm\/wp-content\/uploads\/2015\/10\/Leon-Iglesia-El-Calvario.jpg\" data-rel=\"lightbox-gallery-hTRKkHvE\" data-rl_title=\"\" data-rl_caption=\"\" title=\"\"><img decoding=\"async\" loading=\"lazy\" class=\"aligncenter size-medium wp-image-3228\" src=\"https:\/\/i1.wp.com\/www.marionetrenaud.fr\/tdm\/wp-content\/uploads\/2015\/10\/Leon-Iglesia-El-Calvario.jpg?resize=500%2C348\" alt=\"Leon Iglesia El Calvario\" width=\"500\" height=\"348\" srcset=\"https:\/\/i1.wp.com\/www.marionetrenaud.fr\/tdm\/wp-content\/uploads\/2015\/10\/Leon-Iglesia-El-Calvario.jpg?resize=500%2C348 500w, https:\/\/i1.wp.com\/www.marionetrenaud.fr\/tdm\/wp-content\/uploads\/2015\/10\/Leon-Iglesia-El-Calvario.jpg?resize=1024%2C714 1024w, https:\/\/i1.wp.com\/www.marionetrenaud.fr\/tdm\/wp-content\/uploads\/2015\/10\/Leon-Iglesia-El-Calvario.jpg?w=1280 1280w\" sizes=\"(max-width: 500px) 100vw, 500px\" data-recalc-dims=\"1\" \/><\/a><\/p>\n<p style=\"text-align: center;\"><em>Iglesia El Calvario<\/em><\/p>\n<p style=\"text-align: center;\"><a href=\"https:\/\/i2.wp.com\/www.marionetrenaud.fr\/tdm\/wp-content\/uploads\/2015\/10\/Leon-Cathedrale-de-la-Asuncion.jpg\" data-rel=\"lightbox-gallery-hTRKkHvE\" data-rl_title=\"\" data-rl_caption=\"\" title=\"\"><img decoding=\"async\" loading=\"lazy\" class=\"aligncenter size-medium wp-image-3231\" src=\"https:\/\/i2.wp.com\/www.marionetrenaud.fr\/tdm\/wp-content\/uploads\/2015\/10\/Leon-Cathedrale-de-la-Asuncion.jpg?resize=500%2C332\" alt=\"Leon Cathedrale de la Asuncion\" width=\"500\" height=\"332\" srcset=\"https:\/\/i2.wp.com\/www.marionetrenaud.fr\/tdm\/wp-content\/uploads\/2015\/10\/Leon-Cathedrale-de-la-Asuncion.jpg?resize=500%2C332 500w, https:\/\/i2.wp.com\/www.marionetrenaud.fr\/tdm\/wp-content\/uploads\/2015\/10\/Leon-Cathedrale-de-la-Asuncion.jpg?resize=1024%2C680 1024w, https:\/\/i2.wp.com\/www.marionetrenaud.fr\/tdm\/wp-content\/uploads\/2015\/10\/Leon-Cathedrale-de-la-Asuncion.jpg?w=1280 1280w\" sizes=\"(max-width: 500px) 100vw, 500px\" data-recalc-dims=\"1\" \/><\/a><\/p>\n<p style=\"text-align: center;\"><em>Cathedrale de la Asuncion<\/em><\/p>\n<p style=\"text-align: center;\"><a href=\"https:\/\/i0.wp.com\/www.marionetrenaud.fr\/tdm\/wp-content\/uploads\/2015\/10\/Leon-Collegio-La-Asuncion.jpg\" data-rel=\"lightbox-gallery-hTRKkHvE\" data-rl_title=\"\" data-rl_caption=\"\" title=\"\"><img decoding=\"async\" loading=\"lazy\" class=\"aligncenter size-medium wp-image-3230\" src=\"https:\/\/i0.wp.com\/www.marionetrenaud.fr\/tdm\/wp-content\/uploads\/2015\/10\/Leon-Collegio-La-Asuncion.jpg?resize=500%2C332\" alt=\"Leon Collegio La Asuncion\" width=\"500\" height=\"332\" srcset=\"https:\/\/i0.wp.com\/www.marionetrenaud.fr\/tdm\/wp-content\/uploads\/2015\/10\/Leon-Collegio-La-Asuncion.jpg?resize=500%2C332 500w, https:\/\/i0.wp.com\/www.marionetrenaud.fr\/tdm\/wp-content\/uploads\/2015\/10\/Leon-Collegio-La-Asuncion.jpg?resize=1024%2C680 1024w, https:\/\/i0.wp.com\/www.marionetrenaud.fr\/tdm\/wp-content\/uploads\/2015\/10\/Leon-Collegio-La-Asuncion.jpg?w=1280 1280w\" sizes=\"(max-width: 500px) 100vw, 500px\" data-recalc-dims=\"1\" \/><\/a><\/p>\n<p style=\"text-align: center;\"><em>Coll\u00e8ge La Asuncion<\/em><\/p>\n<p style=\"text-align: center;\"><a href=\"https:\/\/i1.wp.com\/www.marionetrenaud.fr\/tdm\/wp-content\/uploads\/2015\/10\/Leon-Iglesia-de-la-Recoleccion.jpg\" data-rel=\"lightbox-gallery-hTRKkHvE\" data-rl_title=\"\" data-rl_caption=\"\" title=\"\"><img decoding=\"async\" loading=\"lazy\" class=\"aligncenter size-medium wp-image-3233\" src=\"https:\/\/i1.wp.com\/www.marionetrenaud.fr\/tdm\/wp-content\/uploads\/2015\/10\/Leon-Iglesia-de-la-Recoleccion.jpg?resize=332%2C500\" alt=\"Leon Iglesia de la Recoleccion\" width=\"332\" height=\"500\" srcset=\"https:\/\/i1.wp.com\/www.marionetrenaud.fr\/tdm\/wp-content\/uploads\/2015\/10\/Leon-Iglesia-de-la-Recoleccion.jpg?resize=332%2C500 332w, https:\/\/i1.wp.com\/www.marionetrenaud.fr\/tdm\/wp-content\/uploads\/2015\/10\/Leon-Iglesia-de-la-Recoleccion.jpg?resize=680%2C1024 680w, https:\/\/i1.wp.com\/www.marionetrenaud.fr\/tdm\/wp-content\/uploads\/2015\/10\/Leon-Iglesia-de-la-Recoleccion.jpg?w=850 850w\" sizes=\"(max-width: 332px) 100vw, 332px\" data-recalc-dims=\"1\" \/><\/a><\/p>\n<p style=\"text-align: center;\"><em>Iglesia de la Recoleccion<\/em><\/p>\n<p style=\"text-align: center;\"><a href=\"https:\/\/i2.wp.com\/www.marionetrenaud.fr\/tdm\/wp-content\/uploads\/2015\/10\/Leon-fresque-des-heros.jpg\" data-rel=\"lightbox-gallery-hTRKkHvE\" data-rl_title=\"\" data-rl_caption=\"\" title=\"\"><img decoding=\"async\" loading=\"lazy\" class=\"aligncenter size-medium wp-image-3229\" src=\"https:\/\/i2.wp.com\/www.marionetrenaud.fr\/tdm\/wp-content\/uploads\/2015\/10\/Leon-fresque-des-heros.jpg?resize=332%2C500\" alt=\"Leon fresque des heros\" width=\"332\" height=\"500\" srcset=\"https:\/\/i2.wp.com\/www.marionetrenaud.fr\/tdm\/wp-content\/uploads\/2015\/10\/Leon-fresque-des-heros.jpg?resize=332%2C500 332w, https:\/\/i2.wp.com\/www.marionetrenaud.fr\/tdm\/wp-content\/uploads\/2015\/10\/Leon-fresque-des-heros.jpg?resize=680%2C1024 680w, https:\/\/i2.wp.com\/www.marionetrenaud.fr\/tdm\/wp-content\/uploads\/2015\/10\/Leon-fresque-des-heros.jpg?w=850 850w\" sizes=\"(max-width: 332px) 100vw, 332px\" data-recalc-dims=\"1\" \/><\/a><\/p>\n<p style=\"text-align: center;\"><a href=\"https:\/\/i2.wp.com\/www.marionetrenaud.fr\/tdm\/wp-content\/uploads\/2015\/10\/Rue-Leon.jpg\" data-rel=\"lightbox-gallery-hTRKkHvE\" data-rl_title=\"\" data-rl_caption=\"\" title=\"\"><img decoding=\"async\" loading=\"lazy\" class=\"aligncenter size-medium wp-image-3232\" src=\"https:\/\/i2.wp.com\/www.marionetrenaud.fr\/tdm\/wp-content\/uploads\/2015\/10\/Rue-Leon.jpg?resize=500%2C332\" alt=\"Rue Leon\" width=\"500\" height=\"332\" srcset=\"https:\/\/i2.wp.com\/www.marionetrenaud.fr\/tdm\/wp-content\/uploads\/2015\/10\/Rue-Leon.jpg?resize=500%2C332 500w, https:\/\/i2.wp.com\/www.marionetrenaud.fr\/tdm\/wp-content\/uploads\/2015\/10\/Rue-Leon.jpg?resize=1024%2C680 1024w, https:\/\/i2.wp.com\/www.marionetrenaud.fr\/tdm\/wp-content\/uploads\/2015\/10\/Rue-Leon.jpg?w=1280 1280w\" sizes=\"(max-width: 500px) 100vw, 500px\" data-recalc-dims=\"1\" \/><\/a><\/p>\n<p style=\"text-align: center;\"><em>les murs marqu\u00e9s de l&rsquo;histoire de la ville<\/em><\/p>\n<p style=\"text-align: justify;\">Nous partons ensuite \u00e0 la recherche d&rsquo;informations pour l&rsquo;<strong>ascension des volcans Telica et Cerro Negro<\/strong>, tous deux situ\u00e9s \u00e0 proximit\u00e9 de Leon. Pour le premier, il faut au minimum 4 personnes pour l&rsquo;ascension et en ce moment, ce n&rsquo;est pas gagn\u00e9 car il y a peu de touristes. M\u00eame chose pour le Cerro Negro mais la seconde agence visit\u00e9e est plus optimiste pour le nombre de pr\u00e9sents. Nous d\u00e9cidons donc de nous inscrire pour l&rsquo;ascension du Cerro Negro, l&rsquo;un des plus jeunes volcans au monde. L&rsquo;attraction phare de ce volcan est sa descente qui s&rsquo;effectue sur des genres de planches en bois! Apr\u00e8s avoir assist\u00e9 depuis notre h\u00f4tel \u00e0 la cuisante d\u00e9faite de l&rsquo;\u00e9quipe de France de rugby, nous passons le reste de l&rsquo;apr\u00e8s-midi \u00e0 la recherche d&rsquo;une nouvelle paire de chaussures pour moi, les miennes \u00e9tant totalement HS (les deux semelles se d\u00e9collent, la toile est arrach\u00e9e \u00e0 plusieurs endroits, &#8230;). Finalement nous rentrons bredouille \u00e0 l&rsquo;h\u00f4tel et il faudra que je fasse avec mes anciennes pour demain.<\/p>\n<p style=\"text-align: justify;\">Aujourd&rsquo;hui, nous prenons le chemin du <strong>volcan Cerre Negro<\/strong> avec l&rsquo;agence Quetzaltrekkers. Nous sommes 6 plus notre guide \u00e0 partir \u00e0 bord d&rsquo;une camionnette pour le pied du volcan. L&rsquo;ascension de ce volcan n&rsquo;est vraiment pas difficile. Notre guide nous donne notre \u00ab\u00a0snowboard\u00a0\u00bb et un sac contenant notre combinaison de descente et de l&rsquo;eau, et marchons pendant environ 45 minutes pour atteindre le sommet du volcan. Les diff\u00e9rentes vues auxquelles nous avons le droit sont magnifiques. Il y a les deux crat\u00e8res du volcan, des fumerolles de souffre, la coloration de la pierre par ces m\u00eames fumerolles, le reste de la roche totalement noire du volcan puis la vue du sommet sur la cha\u00eene de volcans Maribios. Nous avons \u00e9galement vu sur le Telica, le San Cristobal (le plus haut volcan du Nicaragua) mais \u00e9galement sur d&rsquo;autres volcans moins connus.<\/p>\n<p style=\"text-align: justify;\"><a href=\"https:\/\/i2.wp.com\/www.marionetrenaud.fr\/tdm\/wp-content\/uploads\/2015\/10\/Cerro-Negro-2.jpg\" data-rel=\"lightbox-gallery-hTRKkHvE\" data-rl_title=\"\" data-rl_caption=\"\" title=\"\"><img decoding=\"async\" loading=\"lazy\" class=\"aligncenter size-medium wp-image-3235\" src=\"https:\/\/i2.wp.com\/www.marionetrenaud.fr\/tdm\/wp-content\/uploads\/2015\/10\/Cerro-Negro-2.jpg?resize=500%2C332\" alt=\"Cerro Negro 2\" width=\"500\" height=\"332\" srcset=\"https:\/\/i2.wp.com\/www.marionetrenaud.fr\/tdm\/wp-content\/uploads\/2015\/10\/Cerro-Negro-2.jpg?resize=500%2C332 500w, https:\/\/i2.wp.com\/www.marionetrenaud.fr\/tdm\/wp-content\/uploads\/2015\/10\/Cerro-Negro-2.jpg?resize=1024%2C680 1024w, https:\/\/i2.wp.com\/www.marionetrenaud.fr\/tdm\/wp-content\/uploads\/2015\/10\/Cerro-Negro-2.jpg?w=1280 1280w\" sizes=\"(max-width: 500px) 100vw, 500px\" data-recalc-dims=\"1\" \/><\/a><\/p>\n<p style=\"text-align: center;\"><em>au pied du Cerro Negro<\/em><\/p>\n<p style=\"text-align: center;\"><a href=\"https:\/\/i0.wp.com\/www.marionetrenaud.fr\/tdm\/wp-content\/uploads\/2015\/10\/Cerro-Negro-1.jpg\" data-rel=\"lightbox-gallery-hTRKkHvE\" data-rl_title=\"\" data-rl_caption=\"\" title=\"\"><img decoding=\"async\" loading=\"lazy\" class=\"aligncenter size-medium wp-image-3236\" src=\"https:\/\/i0.wp.com\/www.marionetrenaud.fr\/tdm\/wp-content\/uploads\/2015\/10\/Cerro-Negro-1.jpg?resize=500%2C332\" alt=\"Cerro Negro 1\" width=\"500\" height=\"332\" srcset=\"https:\/\/i0.wp.com\/www.marionetrenaud.fr\/tdm\/wp-content\/uploads\/2015\/10\/Cerro-Negro-1.jpg?resize=500%2C332 500w, https:\/\/i0.wp.com\/www.marionetrenaud.fr\/tdm\/wp-content\/uploads\/2015\/10\/Cerro-Negro-1.jpg?resize=1024%2C680 1024w, https:\/\/i0.wp.com\/www.marionetrenaud.fr\/tdm\/wp-content\/uploads\/2015\/10\/Cerro-Negro-1.jpg?w=1280 1280w\" sizes=\"(max-width: 500px) 100vw, 500px\" data-recalc-dims=\"1\" \/><\/a><\/p>\n<p style=\"text-align: center;\">\n<p style=\"text-align: center;\"><em>l&rsquo;un des deux crat\u00e8res du volcan<\/em><\/p>\n<p style=\"text-align: center;\"><a href=\"https:\/\/i0.wp.com\/www.marionetrenaud.fr\/tdm\/wp-content\/uploads\/2015\/10\/Cratere-Cerro-Negro.jpg\" data-rel=\"lightbox-gallery-hTRKkHvE\" data-rl_title=\"\" data-rl_caption=\"\" title=\"\"><img decoding=\"async\" loading=\"lazy\" class=\"aligncenter size-medium wp-image-3238\" src=\"https:\/\/i0.wp.com\/www.marionetrenaud.fr\/tdm\/wp-content\/uploads\/2015\/10\/Cratere-Cerro-Negro.jpg?resize=500%2C332\" alt=\"Cratere Cerro Negro\" width=\"500\" height=\"332\" srcset=\"https:\/\/i0.wp.com\/www.marionetrenaud.fr\/tdm\/wp-content\/uploads\/2015\/10\/Cratere-Cerro-Negro.jpg?resize=500%2C332 500w, https:\/\/i0.wp.com\/www.marionetrenaud.fr\/tdm\/wp-content\/uploads\/2015\/10\/Cratere-Cerro-Negro.jpg?resize=1024%2C680 1024w, https:\/\/i0.wp.com\/www.marionetrenaud.fr\/tdm\/wp-content\/uploads\/2015\/10\/Cratere-Cerro-Negro.jpg?w=1280 1280w\" sizes=\"(max-width: 500px) 100vw, 500px\" data-recalc-dims=\"1\" \/><\/a><\/p>\n<p style=\"text-align: center;\"><em>le second crat\u00e8re du Cerro Negro<\/em><\/p>\n<p style=\"text-align: center;\"><a href=\"https:\/\/i1.wp.com\/www.marionetrenaud.fr\/tdm\/wp-content\/uploads\/2015\/10\/Chaine-des-volcans-Nicaragua.jpg\" data-rel=\"lightbox-gallery-hTRKkHvE\" data-rl_title=\"\" data-rl_caption=\"\" title=\"\"><img decoding=\"async\" loading=\"lazy\" class=\"aligncenter size-medium wp-image-3237\" src=\"https:\/\/i1.wp.com\/www.marionetrenaud.fr\/tdm\/wp-content\/uploads\/2015\/10\/Chaine-des-volcans-Nicaragua.jpg?resize=500%2C332\" alt=\"Chaine des volcans Nicaragua\" width=\"500\" height=\"332\" srcset=\"https:\/\/i1.wp.com\/www.marionetrenaud.fr\/tdm\/wp-content\/uploads\/2015\/10\/Chaine-des-volcans-Nicaragua.jpg?resize=500%2C332 500w, https:\/\/i1.wp.com\/www.marionetrenaud.fr\/tdm\/wp-content\/uploads\/2015\/10\/Chaine-des-volcans-Nicaragua.jpg?resize=1024%2C680 1024w, https:\/\/i1.wp.com\/www.marionetrenaud.fr\/tdm\/wp-content\/uploads\/2015\/10\/Chaine-des-volcans-Nicaragua.jpg?w=1280 1280w\" sizes=\"(max-width: 500px) 100vw, 500px\" data-recalc-dims=\"1\" \/><\/a><\/p>\n<p style=\"text-align: center;\">\n<p style=\"text-align: center;\"><em>la chaine de volcans Maribios<\/em><\/p>\n<p style=\"text-align: justify;\">Apr\u00e8s quelques clich\u00e9s au sommet, il est temps de d\u00e9couvrir la descente qui nous attend. Une pente vraiment raide, elle a d&rsquo;ailleurs servi au recordmen de vitesse de VTT pour atteindre plus de 170 km\/h !!! Nous ouvrons nos sacs et prenons connaissance de tout notre attirail : une combinaison en jeans, une paire de gants \u00e9pais et des lunettes. Nous avons vraiment chouette allure mais la tenue est vraiment utile pour ne pas nous faire mal. Assis sur notre planche en bois nous d\u00e9valons la descente \u00e0 vive allure! Il est assez difficile de freiner et j&rsquo;aurai m\u00eame le droit \u00e0 une petite chute lors de la premi\u00e8re descente. Nous trouvons le concept assez sympa et marrant. Apr\u00e8s avoir dit non, je signe finalement pour une seconde descente en compagnie de deux autres personnes du groupe.<\/p>\n<p style=\"text-align: justify;\"><a href=\"https:\/\/i1.wp.com\/www.marionetrenaud.fr\/tdm\/wp-content\/uploads\/2015\/10\/Cerro-Negro-boarding-2.jpg\" data-rel=\"lightbox-gallery-hTRKkHvE\" data-rl_title=\"\" data-rl_caption=\"\" title=\"\"><img decoding=\"async\" loading=\"lazy\" class=\"aligncenter size-medium wp-image-3234\" src=\"https:\/\/i1.wp.com\/www.marionetrenaud.fr\/tdm\/wp-content\/uploads\/2015\/10\/Cerro-Negro-boarding-2.jpg?resize=332%2C500\" alt=\"Cerro Negro boarding 2\" width=\"332\" height=\"500\" srcset=\"https:\/\/i1.wp.com\/www.marionetrenaud.fr\/tdm\/wp-content\/uploads\/2015\/10\/Cerro-Negro-boarding-2.jpg?resize=332%2C500 332w, https:\/\/i1.wp.com\/www.marionetrenaud.fr\/tdm\/wp-content\/uploads\/2015\/10\/Cerro-Negro-boarding-2.jpg?resize=680%2C1024 680w, https:\/\/i1.wp.com\/www.marionetrenaud.fr\/tdm\/wp-content\/uploads\/2015\/10\/Cerro-Negro-boarding-2.jpg?w=850 850w\" sizes=\"(max-width: 332px) 100vw, 332px\" data-recalc-dims=\"1\" \/><\/a><\/p>\n<p style=\"text-align: center;\"><em>notre \u00e9quipement au d\u00e9part de l&rsquo;ascension<\/em><\/p>\n<p style=\"text-align: center;\"><a href=\"https:\/\/i2.wp.com\/www.marionetrenaud.fr\/tdm\/wp-content\/uploads\/2015\/10\/G0108229_1.jpg\" data-rel=\"lightbox-gallery-hTRKkHvE\" data-rl_title=\"\" data-rl_caption=\"\" title=\"\"><img decoding=\"async\" loading=\"lazy\" class=\"aligncenter size-medium wp-image-3240\" src=\"https:\/\/i2.wp.com\/www.marionetrenaud.fr\/tdm\/wp-content\/uploads\/2015\/10\/G0108229_1.jpg?resize=500%2C375\" alt=\"DCIM100GOPROG0108229.\" width=\"500\" height=\"375\" srcset=\"https:\/\/i2.wp.com\/www.marionetrenaud.fr\/tdm\/wp-content\/uploads\/2015\/10\/G0108229_1.jpg?resize=500%2C375 500w, https:\/\/i2.wp.com\/www.marionetrenaud.fr\/tdm\/wp-content\/uploads\/2015\/10\/G0108229_1.jpg?resize=1024%2C768 1024w, https:\/\/i2.wp.com\/www.marionetrenaud.fr\/tdm\/wp-content\/uploads\/2015\/10\/G0108229_1.jpg?w=2000 2000w, https:\/\/i2.wp.com\/www.marionetrenaud.fr\/tdm\/wp-content\/uploads\/2015\/10\/G0108229_1.jpg?w=3000 3000w\" sizes=\"(max-width: 500px) 100vw, 500px\" data-recalc-dims=\"1\" \/><\/a><\/p>\n<p style=\"text-align: center;\"><em>la tenue avant la descente<\/em><\/p>\n<p style=\"text-align: center;\"><a href=\"https:\/\/i1.wp.com\/www.marionetrenaud.fr\/tdm\/wp-content\/uploads\/2015\/10\/Cerro-Negro-boarding.jpg\" data-rel=\"lightbox-gallery-hTRKkHvE\" data-rl_title=\"\" data-rl_caption=\"\" title=\"\"><img decoding=\"async\" loading=\"lazy\" class=\"aligncenter size-medium wp-image-3239\" src=\"https:\/\/i1.wp.com\/www.marionetrenaud.fr\/tdm\/wp-content\/uploads\/2015\/10\/Cerro-Negro-boarding.jpg?resize=332%2C500\" alt=\"Cerro Negro boarding\" width=\"332\" height=\"500\" srcset=\"https:\/\/i1.wp.com\/www.marionetrenaud.fr\/tdm\/wp-content\/uploads\/2015\/10\/Cerro-Negro-boarding.jpg?resize=332%2C500 332w, https:\/\/i1.wp.com\/www.marionetrenaud.fr\/tdm\/wp-content\/uploads\/2015\/10\/Cerro-Negro-boarding.jpg?resize=680%2C1024 680w, https:\/\/i1.wp.com\/www.marionetrenaud.fr\/tdm\/wp-content\/uploads\/2015\/10\/Cerro-Negro-boarding.jpg?w=850 850w\" sizes=\"(max-width: 332px) 100vw, 332px\" data-recalc-dims=\"1\" \/><\/a><\/p>\n<p style=\"text-align: center;\"><em>au second plan, la descente que Marion vient de faire<\/em><\/p>\n<p style=\"text-align: justify;\">De retour \u00e0 Leon en fin de journ\u00e9e, nous d\u00e9cidons finalement de ne pas faire l&rsquo;ascension du volcan Telica car le prix propos\u00e9 est plus cher qu&rsquo;annonc\u00e9 (car nous ne sommes que 3 au lieu des 4 personnes demand\u00e9es) et que nous sommes un peu fatigu\u00e9s pour faire cette nouvelle ascension d\u00e8s le lendemain. Dans l&rsquo;apr\u00e8s-midi, j&rsquo;ai le temps d&rsquo;apporter mes chaussures \u00e0 un cordonnier conseill\u00e9 par notre h\u00f4tel.<\/p>\n<p style=\"text-align: justify;\">Le lendemain matin, avant de prendre la route de Las Pe\u00f1itas, je vais les r\u00e9cup\u00e9rer et le travail est vraiment excellent : les semelles sont recousues et le textile est coll\u00e9 aux endroits o\u00f9 cela \u00e9tait possible. Pour moins de 1\u20ac, cela tiendra bien jusque la fin de notre tour du monde !<\/p>\n<blockquote>\n<p style=\"text-align: justify;\"><span style=\"font-size: 12pt;\"><strong>Les astuces de M &amp; R<\/strong><\/span><\/p>\n<ul>\n<li style=\"text-align: justify;\"><em><span style=\"text-decoration: underline;\">bus de Masaya \u00e0 Leon :<\/span><\/em> il n&rsquo;existe <strong>pas de bus direct<\/strong> et le trajet se fait donc en 3 \u00e9tapes :\n<ul>\n<li style=\"text-align: justify;\"><em>bus de Masaya \u00e0 Managua :<\/em> les bus partent en permanence de la station de bus de Masaya pour rejoindre le <strong>terminal Roberto Huembes<\/strong>. Le prix du trajet est de <strong>15 C$ par personne<\/strong> pour environ 45 minutes.<\/li>\n<li style=\"text-align: justify;\"><em>bus entre le terminal Roberto Huembes et le terminal Israel Lewites \u00e0 Managua :<\/em> nous avons pris un bus en face du terminal Roberto Huembes, qui nous a d\u00e9pos\u00e9 \u00e0 un bon kilom\u00e8tre du terminal. Sinon, le num\u00e9ro du bus qui fait vraiment ce trajet semble \u00eatre le 110. Le trajet co\u00fbte <strong>4 C$ par personne<\/strong> mais nous avons mis pr\u00e8s d&rsquo;1h !<\/li>\n<li style=\"text-align: justify;\"><em>bus de Managua \u00e0 Leon :<\/em> il y a plusieurs bus qui vont ou passent par Leon. Demandez bien avant si ils vont au terminal de Leon. Notre trajet a dur\u00e9 environ 2h-2h30 et a cout\u00e9 <strong>38 C$ par personne<\/strong>.<\/li>\n<\/ul>\n<\/li>\n<li style=\"text-align: justify;\"><em><span style=\"text-decoration: underline;\">logement \u00e0 Leon :<\/span><\/em> nous avons log\u00e9 \u00e0 l&rsquo;<strong>Hostal Leon de Ojo<\/strong>, situ\u00e9 deux p\u00e2t\u00e9s de maison au Nord de l&rsquo;\u00e9glise San Juan. Nous avons pay\u00e9 <strong>400 C$ par nuit<\/strong> pour une chambre avec salle de bains.<\/li>\n<li style=\"text-align: justify;\"><span style=\"text-decoration: underline;\"><em>agence pour l&rsquo;ascension du Cerro Negro :<\/em><\/span> nous sommes pass\u00e9s par <strong>Quetzaltrekkers<\/strong> qui reverse ses b\u00e9n\u00e9fices \u00e0 des associations locales et fonctionne avec des b\u00e9n\u00e9voles. Nous avons pay\u00e9 <strong>810 C$ par personne<\/strong> (taux plus int\u00e9ressant que les 30 USD demand\u00e9s). Ce prix comprenait une bouteille d&rsquo;eau purifi\u00e9e, le transport, l&rsquo;entr\u00e9e au site, la planche en bois, les affaires pour la descente, un en-cas, le d\u00e9jeuner et le guide.<\/li>\n<\/ul>\n<\/blockquote>\n<p style=\"text-align: justify;\"><span style=\"text-decoration: underline;\">O\u00f9 se trouve Leon ?<\/span><\/p>\n<p style=\"text-align: justify;\"><div id='mapp0-layout' class='mapp-layout mapp-left mapp-leaflet  mapp-align-center' style='width: 425px;'><div class='mapp-wrapper' style='height: 350px' ><div class='mapp-main'><div class='mapp-canvas-panel'><div class='mapp-canvas' id='mapp0'><\/div><div class='mapp-controls'><\/div><div class='mapp-iw'><\/div><div class='mapp-dialog'><\/div><\/div><\/div><\/div><div class='mapp-directions'><span class='mapp-close' data-mapp-action='dir-cancel'><\/span><div><input class='mapp-dir-addr mapp-dir-saddr' tabindex='1'\/><span data-mapp-action='dir-swap' class='mapp-dir-arrows'><\/span><\/div><div><input class='mapp-dir-addr mapp-dir-daddr' tabindex='2'\/><\/div><div class='mapp-dir-toolbar'><span class='mapp-button-submit' data-mapp-action='dir-get'>Itin\u00e9raires<\/span><span class='mapp-spinner'><\/span><\/div><div class='mapp-dir-renderer'><\/div><\/div><\/div><\/p>\n","protected":false},"excerpt":{"rendered":"<p>Nous poursuivons notre remont\u00e9e du Nicaragua pour rejoindre la ville de Leon, qui doit une grande partie de son attractivit\u00e9 \u00e0 sa proximit\u00e9 avec de nombreux volcans. Alors que nous pensions que certains bus faisaient le trajet direct entre Masaya et Leon, nous sommes oblig\u00e9s de faire un stop \u00e0 Managua, la capitale du Nicaragua, [&hellip;]<\/p>\n","protected":false},"author":1,"featured_media":3222,"comment_status":"open","ping_status":"open","sticky":false,"template":"","format":"standard","meta":{"sharing_disabled":false,"switch_like_status":false,"spay_email":"","jetpack_publicize_message":""},"categories":[20],"tags":[],"jetpack_featured_media_url":"https:\/\/i2.wp.com\/www.marionetrenaud.fr\/tdm\/wp-content\/uploads\/2015\/10\/Leon-Iglesia-San-Juan.jpg?fit=1280%2C850","jetpack_publicize_connections":[],"jetpack_shortlink":"https:\/\/wp.me\/p4XfH7-PW","_links":{"self":[{"href":"http:\/\/www.marionetrenaud.fr\/tdm\/wp-json\/wp\/v2\/posts\/3220"}],"collection":[{"href":"http:\/\/www.marionetrenaud.fr\/tdm\/wp-json\/wp\/v2\/posts"}],"about":[{"href":"http:\/\/www.marionetrenaud.fr\/tdm\/wp-json\/wp\/v2\/types\/post"}],"author":[{"embeddable":true,"href":"http:\/\/www.marionetrenaud.fr\/tdm\/wp-json\/wp\/v2\/users\/1"}],"replies":[{"embeddable":true,"href":"http:\/\/www.marionetrenaud.fr\/tdm\/wp-json\/wp\/v2\/comments?post=3220"}],"version-history":[{"count":2,"href":"http:\/\/www.marionetrenaud.fr\/tdm\/wp-json\/wp\/v2\/posts\/3220\/revisions"}],"predecessor-version":[{"id":3241,"href":"http:\/\/www.marionetrenaud.fr\/tdm\/wp-json\/wp\/v2\/posts\/3220\/revisions\/3241"}],"wp:featuredmedia":[{"embeddable":true,"href":"http:\/\/www.marionetrenaud.fr\/tdm\/wp-json\/wp\/v2\/media\/3222"}],"wp:attachment":[{"href":"http:\/\/www.marionetrenaud.fr\/tdm\/wp-json\/wp\/v2\/media?parent=3220"}],"wp:term":[{"taxonomy":"category","embeddable":true,"href":"http:\/\/www.marionetrenaud.fr\/tdm\/wp-json\/wp\/v2\/categories?post=3220"},{"taxonomy":"post_tag","embeddable":true,"href":"http:\/\/www.marionetrenaud.fr\/tdm\/wp-json\/wp\/v2\/tags?post=3220"}],"curies":[{"name":"wp","href":"https:\/\/api.w.org\/{rel}","templated":true}]}}