{"id":3217,"date":"2015-11-03T20:30:19","date_gmt":"2015-11-04T02:30:19","guid":{"rendered":"http:\/\/www.marionetrenaud.fr\/tdm\/?p=3217"},"modified":"2015-10-31T16:48:21","modified_gmt":"2015-10-31T22:48:21","slug":"masaya-et-ses-alentours-de-la-laguna-de-apoyo-au-volcan-masaya","status":"publish","type":"post","link":"http:\/\/www.marionetrenaud.fr\/tdm\/masaya-et-ses-alentours-de-la-laguna-de-apoyo-au-volcan-masaya\/","title":{"rendered":"Masaya et ses alentours : de la Laguna de Apoyo au volcan Masaya"},"content":{"rendered":"<p style=\"text-align: justify;\">Nouvelle \u00e9tape de notre d\u00e9couverte du Nicaragua, nous voici en route pour la ville de <strong>Masaya<\/strong>, point de chute pour l&rsquo;ascension du bien nomm\u00e9 <strong>volcan Masaya<\/strong>. Un trajet durant lequel nous aurons pass\u00e9 presque autant de temps \u00e0 attendre qu&rsquo;\u00e0 avancer ! 30 min d&rsquo;attente pour 1h de bus pour relier Altagracia (au centre de l&rsquo;\u00eele) \u00e0 Moyogalpa (la principale ville). Puis 50 min d&rsquo;attente pour 1h de ferry pour rejoindre San Jorge et enfin<!--more--> 1h d&rsquo;attente dans le bus qui nous emmenera \u00e0 notre destination finale Masaya en 1h45. Bref, nous voici maintenant d\u00e9pos\u00e9s au bord de la route, \u00e0\u00a0encore quelques petits kilom\u00e8tres de marche du centre ville de Masaya.<\/p>\n<p style=\"text-align: justify;\"><span style=\"text-decoration: underline; font-size: 12pt;\"><strong>A la recherche d&rsquo;un h\u00f4tel et d&rsquo;un t\u00e9l\u00e9phone<\/strong><\/span><\/p>\n<p style=\"text-align: justify;\">\u00c9puis\u00e9s de porter nos sacs sous la chaleur \u00e9crasante, et moi venant de me blesser le pied dans un trou que je n&rsquo;avais pas vu sur le trottoir, nous d\u00e9cidons de nous s\u00e9parer pour chercher o\u00f9 passer la nuit. La strat\u00e9gie : je reste assise \u00e0 la terrasse d&rsquo;un caf\u00e9 avec toutes les affaires et Renaud part avec la mission de nous trouver une chambre pas ch\u00e8re dans un h\u00f4tel le moins miteux possible. Et dans cette ville, ce n&rsquo;est pas gagn\u00e9 car il n&rsquo;y a quasiment pas d&rsquo;h\u00f4tel.<\/p>\n<p style=\"text-align: justify;\">Les quelques rares fois o\u00f9 nous avons opter pour cette technique, moi gardant les sacs et Renaud arpentant les rues pour trouver un h\u00f4tel (c&rsquo;est quand m\u00eame beaucoup plus simple et moins fatiguant de trouver une chambre sans un sac \u00e0 dos de 10-12kg sur le dos&#8230;), Renaud revenait une trentaine de minutes plus tard content de sa trouvaille. Aujourd&rsquo;hui, 50 minutes plus tard et apr\u00e8s avoir dit \u00ab\u00a0no gracias\u00a0\u00bb \u00e0 une dizaine de vendeurs ambulants, c&rsquo;est un Renaud d\u00e9sesp\u00e9r\u00e9 que je vois revenir&#8230;<\/p>\n<p style=\"text-align: justify;\">Apr\u00e8s discussion nous opterons pour l&rsquo;adresse la moins ch\u00e8re nous proposant chambre, salle de bain priv\u00e9e et wifi pour 270 cordobas soit moins de 10$. Et si finalement c&rsquo;est vraiment trop pourri nous aviserons le lendemain matin. Nos sacs pos\u00e9s, nous repartons en ville accomplir notre mission du jour :\u00a0<strong>acheter un nouveau t\u00e9l\u00e9phone portable<\/strong>. Le notre ayant rendu l&rsquo;\u00e2me ces derniers jours \u00e0 cause d&rsquo;une mauvaise chute en Australie\u00a0qui a endommag\u00e9 le tactile et d&rsquo;une rinc\u00e9e prise au Rio Celeste au Costa Rica, qui avec l&rsquo;eau et la chaleur du chargeur a fait fondre la connectique. Bref, nous nous serions bien pass\u00e9s de cette d\u00e9pense \u00e0 2 mois de notre retour mais pas le choix, nous en avons vraiment besoin pour continuer \u00e0 donner des nouvelles, nous orienter dans les villes, etc. Apr\u00e8s une petite heure de recherche \u00e0 travers les quelques boutiques de t\u00e9l\u00e9phones de la ville, nous sommes les heureux propri\u00e9taires du tout dernier <strong>Verykool<\/strong> ! Une tuerie dans le milieu de la t\u00e9l\u00e9phonie mobile ! Pour \u00eatre honn\u00eate c&rsquo;est pas vraiment une fl\u00e8che, mais le principal c&rsquo;est que nous puissions aller sur internet et que notre carte sim fran\u00e7aise fonctionne en cas d&rsquo;urgence. Et c&rsquo;est le cas, donc nous sommes contents !<\/p>\n<p style=\"text-align: justify;\"><a href=\"https:\/\/i2.wp.com\/www.marionetrenaud.fr\/tdm\/wp-content\/uploads\/2015\/10\/Masaya-Iglesia-San-Jeronimo.jpg\" data-rel=\"lightbox-gallery-jqDq3lYG\" data-rl_title=\"\" data-rl_caption=\"\" title=\"\"><img decoding=\"async\" loading=\"lazy\" class=\"aligncenter size-medium wp-image-3194\" src=\"https:\/\/i2.wp.com\/www.marionetrenaud.fr\/tdm\/wp-content\/uploads\/2015\/10\/Masaya-Iglesia-San-Jeronimo.jpg?resize=500%2C332\" alt=\"Masaya Iglesia San Jeronimo\" width=\"500\" height=\"332\" srcset=\"https:\/\/i2.wp.com\/www.marionetrenaud.fr\/tdm\/wp-content\/uploads\/2015\/10\/Masaya-Iglesia-San-Jeronimo.jpg?resize=500%2C332 500w, https:\/\/i2.wp.com\/www.marionetrenaud.fr\/tdm\/wp-content\/uploads\/2015\/10\/Masaya-Iglesia-San-Jeronimo.jpg?resize=1024%2C680 1024w, https:\/\/i2.wp.com\/www.marionetrenaud.fr\/tdm\/wp-content\/uploads\/2015\/10\/Masaya-Iglesia-San-Jeronimo.jpg?w=1280 1280w\" sizes=\"(max-width: 500px) 100vw, 500px\" data-recalc-dims=\"1\" \/><\/a><\/p>\n<p style=\"text-align: center;\"><em>Iglesia San Jeronimo<\/em><\/p>\n<p style=\"text-align: justify;\"><a href=\"https:\/\/i2.wp.com\/www.marionetrenaud.fr\/tdm\/wp-content\/uploads\/2015\/10\/Masaya-Iglesia-de-La-Asuncion.jpg\" data-rel=\"lightbox-gallery-jqDq3lYG\" data-rl_title=\"\" data-rl_caption=\"\" title=\"\"><img decoding=\"async\" loading=\"lazy\" class=\"aligncenter size-medium wp-image-3195\" src=\"https:\/\/i2.wp.com\/www.marionetrenaud.fr\/tdm\/wp-content\/uploads\/2015\/10\/Masaya-Iglesia-de-La-Asuncion.jpg?resize=500%2C332\" alt=\"Masaya Iglesia de La Asuncion\" width=\"500\" height=\"332\" srcset=\"https:\/\/i2.wp.com\/www.marionetrenaud.fr\/tdm\/wp-content\/uploads\/2015\/10\/Masaya-Iglesia-de-La-Asuncion.jpg?resize=500%2C332 500w, https:\/\/i2.wp.com\/www.marionetrenaud.fr\/tdm\/wp-content\/uploads\/2015\/10\/Masaya-Iglesia-de-La-Asuncion.jpg?resize=1024%2C680 1024w, https:\/\/i2.wp.com\/www.marionetrenaud.fr\/tdm\/wp-content\/uploads\/2015\/10\/Masaya-Iglesia-de-La-Asuncion.jpg?w=1280 1280w\" sizes=\"(max-width: 500px) 100vw, 500px\" data-recalc-dims=\"1\" \/><\/a><\/p>\n<p style=\"text-align: center;\"><em>Iglesia de la Asuncion<\/em><\/p>\n<p style=\"text-align: center;\"><a href=\"https:\/\/i1.wp.com\/www.marionetrenaud.fr\/tdm\/wp-content\/uploads\/2015\/10\/Masaya-Iglesia-San-Miguel.jpg\" data-rel=\"lightbox-gallery-jqDq3lYG\" data-rl_title=\"\" data-rl_caption=\"\" title=\"\"><img decoding=\"async\" loading=\"lazy\" class=\"aligncenter size-medium wp-image-3197\" src=\"https:\/\/i1.wp.com\/www.marionetrenaud.fr\/tdm\/wp-content\/uploads\/2015\/10\/Masaya-Iglesia-San-Miguel.jpg?resize=500%2C332\" alt=\"Masaya Iglesia San Miguel\" width=\"500\" height=\"332\" srcset=\"https:\/\/i1.wp.com\/www.marionetrenaud.fr\/tdm\/wp-content\/uploads\/2015\/10\/Masaya-Iglesia-San-Miguel.jpg?resize=500%2C332 500w, https:\/\/i1.wp.com\/www.marionetrenaud.fr\/tdm\/wp-content\/uploads\/2015\/10\/Masaya-Iglesia-San-Miguel.jpg?resize=1024%2C680 1024w, https:\/\/i1.wp.com\/www.marionetrenaud.fr\/tdm\/wp-content\/uploads\/2015\/10\/Masaya-Iglesia-San-Miguel.jpg?w=1280 1280w\" sizes=\"(max-width: 500px) 100vw, 500px\" data-recalc-dims=\"1\" \/><\/a><\/p>\n<p style=\"text-align: center;\">\n<p style=\"text-align: center;\"><em>Iglesia San Miguel<\/em><\/p>\n<p style=\"text-align: center;\"><a href=\"https:\/\/i1.wp.com\/www.marionetrenaud.fr\/tdm\/wp-content\/uploads\/2015\/10\/Rue-Masaya.jpg\" data-rel=\"lightbox-gallery-jqDq3lYG\" data-rl_title=\"\" data-rl_caption=\"\" title=\"\"><img decoding=\"async\" loading=\"lazy\" class=\"aligncenter size-medium wp-image-3196\" src=\"https:\/\/i1.wp.com\/www.marionetrenaud.fr\/tdm\/wp-content\/uploads\/2015\/10\/Rue-Masaya.jpg?resize=500%2C332\" alt=\"Rue Masaya\" width=\"500\" height=\"332\" srcset=\"https:\/\/i1.wp.com\/www.marionetrenaud.fr\/tdm\/wp-content\/uploads\/2015\/10\/Rue-Masaya.jpg?resize=500%2C332 500w, https:\/\/i1.wp.com\/www.marionetrenaud.fr\/tdm\/wp-content\/uploads\/2015\/10\/Rue-Masaya.jpg?resize=1024%2C680 1024w, https:\/\/i1.wp.com\/www.marionetrenaud.fr\/tdm\/wp-content\/uploads\/2015\/10\/Rue-Masaya.jpg?w=1280 1280w\" sizes=\"(max-width: 500px) 100vw, 500px\" data-recalc-dims=\"1\" \/><\/a><\/p>\n<p style=\"text-align: center;\"><em>une rue de Masaya, toujours color\u00e9e<\/em><\/p>\n<p style=\"text-align: center;\"><a href=\"https:\/\/i2.wp.com\/www.marionetrenaud.fr\/tdm\/wp-content\/uploads\/2015\/10\/Masaya_chanteur-local.jpg\" data-rel=\"lightbox-gallery-jqDq3lYG\" data-rl_title=\"\" data-rl_caption=\"\" title=\"\"><img decoding=\"async\" loading=\"lazy\" class=\"aligncenter size-medium wp-image-3215\" src=\"https:\/\/i2.wp.com\/www.marionetrenaud.fr\/tdm\/wp-content\/uploads\/2015\/10\/Masaya_chanteur-local.jpg?resize=332%2C500\" alt=\"Masaya_chanteur-local\" width=\"332\" height=\"500\" srcset=\"https:\/\/i2.wp.com\/www.marionetrenaud.fr\/tdm\/wp-content\/uploads\/2015\/10\/Masaya_chanteur-local.jpg?resize=332%2C500 332w, https:\/\/i2.wp.com\/www.marionetrenaud.fr\/tdm\/wp-content\/uploads\/2015\/10\/Masaya_chanteur-local.jpg?resize=680%2C1024 680w, https:\/\/i2.wp.com\/www.marionetrenaud.fr\/tdm\/wp-content\/uploads\/2015\/10\/Masaya_chanteur-local.jpg?w=850 850w\" sizes=\"(max-width: 332px) 100vw, 332px\" data-recalc-dims=\"1\" \/><\/a><\/p>\n<p style=\"text-align: center;\"><em>un chanteur local lors d&rsquo;une petite repr\u00e9sentation au Parque Central<\/em><\/p>\n<p style=\"text-align: center;\"><a href=\"https:\/\/i2.wp.com\/www.marionetrenaud.fr\/tdm\/wp-content\/uploads\/2015\/10\/Masaya-vendeur.jpg\" data-rel=\"lightbox-gallery-jqDq3lYG\" data-rl_title=\"\" data-rl_caption=\"\" title=\"\"><img decoding=\"async\" loading=\"lazy\" class=\"aligncenter size-medium wp-image-3198\" src=\"https:\/\/i2.wp.com\/www.marionetrenaud.fr\/tdm\/wp-content\/uploads\/2015\/10\/Masaya-vendeur.jpg?resize=500%2C332\" alt=\"Masaya vendeur\" width=\"500\" height=\"332\" srcset=\"https:\/\/i2.wp.com\/www.marionetrenaud.fr\/tdm\/wp-content\/uploads\/2015\/10\/Masaya-vendeur.jpg?resize=500%2C332 500w, https:\/\/i2.wp.com\/www.marionetrenaud.fr\/tdm\/wp-content\/uploads\/2015\/10\/Masaya-vendeur.jpg?resize=1024%2C680 1024w, https:\/\/i2.wp.com\/www.marionetrenaud.fr\/tdm\/wp-content\/uploads\/2015\/10\/Masaya-vendeur.jpg?w=1280 1280w\" sizes=\"(max-width: 500px) 100vw, 500px\" data-recalc-dims=\"1\" \/><\/a><\/p>\n<p style=\"text-align: center;\"><em>un vendeur de matelas tout heureux de nous croiser!<\/em><\/p>\n<p style=\"text-align: justify;\"><span style=\"text-decoration: underline;\"><span style=\"font-size: 12pt;\"><strong>Une journ\u00e9 \u00e0 La Laguna de Apoyo<\/strong><\/span><\/span><\/p>\n<p style=\"text-align: justify;\">Le lendemain matin, nous d\u00e9cidons de rejoindre pour la journ\u00e9e <strong>la Laguna de Apoyo<\/strong>, un lac volcanique nich\u00e9 dans le crat\u00e8re d&rsquo;un volcan. Nous avons rep\u00e9r\u00e9 sur internet qu&rsquo;un bus part \u00e0 10h30 de Masaya et va jusqu&rsquo;en bas du crat\u00e8re, au pied du lac. Nous en profitons donc pour visiter un peu le centre ville de Masaya, ses nombreuses \u00e9glises et son march\u00e9 anim\u00e9 avant de rejoindre la gare de bus. Sur place, on nous indique le bus \u00e0 prendre, on s&rsquo;installe heureux d&rsquo;\u00eatre avance et d&rsquo;avoir une place assise&#8230; et \u00e9tonnement ce dernier part m\u00eame avant 10h. Apr\u00e8s une petite heure de bus, voil\u00e0 que le chauffeur nous indique qu&rsquo;il n&rsquo;ira pas plus loin ! Et bien s\u00fbr, nous sommes en haut du crat\u00e8re et non pas au pied du lac&#8230; Nous avons donc gagn\u00e9 le droit de descendre les 2,5km qui rejoignent le lac. Et avec les \u00e9normes courbatures que j&rsquo;ai depuis l&rsquo;ascension du volcan Maderas il y a 48h, autant vous dire que cette petite promenade matinale est une \u00e9preuve pour mes jambes ! Arriv\u00e9s en bas, nous nous dirigeons vers l&rsquo;hostel Paradisio qu&rsquo;une copine fran\u00e7aise, qui connait les propri\u00e9taires (orginaire des Alpes!), nous a conseill\u00e9. L&rsquo;endroit est vraiment super bien am\u00e9nag\u00e9, reposant&#8230; Tout est fait pour y passer une belle journ\u00e9e (ou la nuit si vous d\u00e9sirez y rester plus longtemps). Moyennant quelques dollars, nous avons acc\u00e8s \u00e0 la plage de l&rsquo;h\u00f4tel et ses chaises longues et avons \u00e9galement la possibilit\u00e9 d&#8217;emprunter un kayak, un paddle, une bou\u00e9e&#8230; Mais pour nous aujourd&rsquo;hui, c&rsquo;est repos ! Nous passerons donc la journ\u00e9e \u00e0 alterner entre poser nos fesses dans nos chaises longues et les tremper dans l&rsquo;eau claire du lac. Un bonheur !<\/p>\n<p style=\"text-align: justify;\"><a href=\"https:\/\/i2.wp.com\/www.marionetrenaud.fr\/tdm\/wp-content\/uploads\/2015\/10\/Laguna-de-Apoyo-1.jpg\" data-rel=\"lightbox-gallery-jqDq3lYG\" data-rl_title=\"\" data-rl_caption=\"\" title=\"\"><img decoding=\"async\" loading=\"lazy\" class=\"aligncenter size-medium wp-image-3207\" src=\"https:\/\/i2.wp.com\/www.marionetrenaud.fr\/tdm\/wp-content\/uploads\/2015\/10\/Laguna-de-Apoyo-1.jpg?resize=500%2C332\" alt=\"Laguna de Apoyo 1\" width=\"500\" height=\"332\" srcset=\"https:\/\/i2.wp.com\/www.marionetrenaud.fr\/tdm\/wp-content\/uploads\/2015\/10\/Laguna-de-Apoyo-1.jpg?resize=500%2C332 500w, https:\/\/i2.wp.com\/www.marionetrenaud.fr\/tdm\/wp-content\/uploads\/2015\/10\/Laguna-de-Apoyo-1.jpg?resize=1024%2C680 1024w, https:\/\/i2.wp.com\/www.marionetrenaud.fr\/tdm\/wp-content\/uploads\/2015\/10\/Laguna-de-Apoyo-1.jpg?w=1280 1280w\" sizes=\"(max-width: 500px) 100vw, 500px\" data-recalc-dims=\"1\" \/><\/a><\/p>\n<p style=\"text-align: justify;\"><a href=\"https:\/\/i0.wp.com\/www.marionetrenaud.fr\/tdm\/wp-content\/uploads\/2015\/10\/Laguna-de-Apoyo-3.jpg\" data-rel=\"lightbox-gallery-jqDq3lYG\" data-rl_title=\"\" data-rl_caption=\"\" title=\"\"><img decoding=\"async\" loading=\"lazy\" class=\"aligncenter size-medium wp-image-3205\" src=\"https:\/\/i0.wp.com\/www.marionetrenaud.fr\/tdm\/wp-content\/uploads\/2015\/10\/Laguna-de-Apoyo-3.jpg?resize=500%2C332\" alt=\"Laguna de Apoyo 3\" width=\"500\" height=\"332\" srcset=\"https:\/\/i0.wp.com\/www.marionetrenaud.fr\/tdm\/wp-content\/uploads\/2015\/10\/Laguna-de-Apoyo-3.jpg?resize=500%2C332 500w, https:\/\/i0.wp.com\/www.marionetrenaud.fr\/tdm\/wp-content\/uploads\/2015\/10\/Laguna-de-Apoyo-3.jpg?resize=1024%2C680 1024w, https:\/\/i0.wp.com\/www.marionetrenaud.fr\/tdm\/wp-content\/uploads\/2015\/10\/Laguna-de-Apoyo-3.jpg?w=1280 1280w\" sizes=\"(max-width: 500px) 100vw, 500px\" data-recalc-dims=\"1\" \/><\/a><\/p>\n<p style=\"text-align: justify;\"><a href=\"https:\/\/i0.wp.com\/www.marionetrenaud.fr\/tdm\/wp-content\/uploads\/2015\/10\/Laguna-de-Apoyo-5.jpg\" data-rel=\"lightbox-gallery-jqDq3lYG\" data-rl_title=\"\" data-rl_caption=\"\" title=\"\"><img decoding=\"async\" loading=\"lazy\" class=\"aligncenter size-medium wp-image-3203\" src=\"https:\/\/i0.wp.com\/www.marionetrenaud.fr\/tdm\/wp-content\/uploads\/2015\/10\/Laguna-de-Apoyo-5.jpg?resize=500%2C332\" alt=\"Laguna de Apoyo 5\" width=\"500\" height=\"332\" srcset=\"https:\/\/i0.wp.com\/www.marionetrenaud.fr\/tdm\/wp-content\/uploads\/2015\/10\/Laguna-de-Apoyo-5.jpg?resize=500%2C332 500w, https:\/\/i0.wp.com\/www.marionetrenaud.fr\/tdm\/wp-content\/uploads\/2015\/10\/Laguna-de-Apoyo-5.jpg?resize=1024%2C680 1024w, https:\/\/i0.wp.com\/www.marionetrenaud.fr\/tdm\/wp-content\/uploads\/2015\/10\/Laguna-de-Apoyo-5.jpg?w=1280 1280w\" sizes=\"(max-width: 500px) 100vw, 500px\" data-recalc-dims=\"1\" \/><\/a><\/p>\n<p style=\"text-align: justify;\"><a href=\"https:\/\/i2.wp.com\/www.marionetrenaud.fr\/tdm\/wp-content\/uploads\/2015\/10\/Laguna-de-Apoyo-4.jpg\" data-rel=\"lightbox-gallery-jqDq3lYG\" data-rl_title=\"\" data-rl_caption=\"\" title=\"\"><img decoding=\"async\" loading=\"lazy\" class=\"aligncenter size-medium wp-image-3204\" src=\"https:\/\/i2.wp.com\/www.marionetrenaud.fr\/tdm\/wp-content\/uploads\/2015\/10\/Laguna-de-Apoyo-4.jpg?resize=500%2C332\" alt=\"Laguna de Apoyo 4\" width=\"500\" height=\"332\" srcset=\"https:\/\/i2.wp.com\/www.marionetrenaud.fr\/tdm\/wp-content\/uploads\/2015\/10\/Laguna-de-Apoyo-4.jpg?resize=500%2C332 500w, https:\/\/i2.wp.com\/www.marionetrenaud.fr\/tdm\/wp-content\/uploads\/2015\/10\/Laguna-de-Apoyo-4.jpg?resize=1024%2C680 1024w, https:\/\/i2.wp.com\/www.marionetrenaud.fr\/tdm\/wp-content\/uploads\/2015\/10\/Laguna-de-Apoyo-4.jpg?w=1280 1280w\" sizes=\"(max-width: 500px) 100vw, 500px\" data-recalc-dims=\"1\" \/><\/a><\/p>\n<p style=\"text-align: justify;\"><a href=\"https:\/\/i2.wp.com\/www.marionetrenaud.fr\/tdm\/wp-content\/uploads\/2015\/10\/Laguna-de-Apoyo-2.jpg\" data-rel=\"lightbox-gallery-jqDq3lYG\" data-rl_title=\"\" data-rl_caption=\"\" title=\"\"><img decoding=\"async\" loading=\"lazy\" class=\"aligncenter size-medium wp-image-3206\" src=\"https:\/\/i2.wp.com\/www.marionetrenaud.fr\/tdm\/wp-content\/uploads\/2015\/10\/Laguna-de-Apoyo-2.jpg?resize=500%2C332\" alt=\"Laguna de Apoyo 2\" width=\"500\" height=\"332\" srcset=\"https:\/\/i2.wp.com\/www.marionetrenaud.fr\/tdm\/wp-content\/uploads\/2015\/10\/Laguna-de-Apoyo-2.jpg?resize=500%2C332 500w, https:\/\/i2.wp.com\/www.marionetrenaud.fr\/tdm\/wp-content\/uploads\/2015\/10\/Laguna-de-Apoyo-2.jpg?resize=1024%2C680 1024w, https:\/\/i2.wp.com\/www.marionetrenaud.fr\/tdm\/wp-content\/uploads\/2015\/10\/Laguna-de-Apoyo-2.jpg?w=1280 1280w\" sizes=\"(max-width: 500px) 100vw, 500px\" data-recalc-dims=\"1\" \/><\/a><\/p>\n<p style=\"text-align: center;\"><em>la Laguna de Apoyo<\/em><\/p>\n<p style=\"text-align: center;\"><a href=\"https:\/\/i2.wp.com\/www.marionetrenaud.fr\/tdm\/wp-content\/uploads\/2015\/10\/Bus-Masaya-2.jpg\" data-rel=\"lightbox-gallery-jqDq3lYG\" data-rl_title=\"\" data-rl_caption=\"\" title=\"\"><img decoding=\"async\" loading=\"lazy\" class=\"aligncenter size-medium wp-image-3199\" src=\"https:\/\/i2.wp.com\/www.marionetrenaud.fr\/tdm\/wp-content\/uploads\/2015\/10\/Bus-Masaya-2.jpg?resize=500%2C332\" alt=\"Bus Masaya 2\" width=\"500\" height=\"332\" srcset=\"https:\/\/i2.wp.com\/www.marionetrenaud.fr\/tdm\/wp-content\/uploads\/2015\/10\/Bus-Masaya-2.jpg?resize=500%2C332 500w, https:\/\/i2.wp.com\/www.marionetrenaud.fr\/tdm\/wp-content\/uploads\/2015\/10\/Bus-Masaya-2.jpg?resize=1024%2C680 1024w, https:\/\/i2.wp.com\/www.marionetrenaud.fr\/tdm\/wp-content\/uploads\/2015\/10\/Bus-Masaya-2.jpg?w=1280 1280w\" sizes=\"(max-width: 500px) 100vw, 500px\" data-recalc-dims=\"1\" \/><\/a><\/p>\n<p style=\"text-align: center;\"><em>les fameux bus nicaraguayens<\/em><\/p>\n<p style=\"text-align: center;\"><a href=\"https:\/\/i0.wp.com\/www.marionetrenaud.fr\/tdm\/wp-content\/uploads\/2015\/10\/Bus-Masaya-1.jpg\" data-rel=\"lightbox-gallery-jqDq3lYG\" data-rl_title=\"\" data-rl_caption=\"\" title=\"\"><img decoding=\"async\" loading=\"lazy\" class=\"aligncenter size-medium wp-image-3200\" src=\"https:\/\/i0.wp.com\/www.marionetrenaud.fr\/tdm\/wp-content\/uploads\/2015\/10\/Bus-Masaya-1.jpg?resize=500%2C332\" alt=\"Bus Masaya 1\" width=\"500\" height=\"332\" srcset=\"https:\/\/i0.wp.com\/www.marionetrenaud.fr\/tdm\/wp-content\/uploads\/2015\/10\/Bus-Masaya-1.jpg?resize=500%2C332 500w, https:\/\/i0.wp.com\/www.marionetrenaud.fr\/tdm\/wp-content\/uploads\/2015\/10\/Bus-Masaya-1.jpg?resize=1024%2C680 1024w, https:\/\/i0.wp.com\/www.marionetrenaud.fr\/tdm\/wp-content\/uploads\/2015\/10\/Bus-Masaya-1.jpg?w=1280 1280w\" sizes=\"(max-width: 500px) 100vw, 500px\" data-recalc-dims=\"1\" \/><\/a><\/p>\n<p style=\"text-align: center;\"><a href=\"https:\/\/i0.wp.com\/www.marionetrenaud.fr\/tdm\/wp-content\/uploads\/2015\/10\/Masaya-enfants-2.jpg\" data-rel=\"lightbox-gallery-jqDq3lYG\" data-rl_title=\"\" data-rl_caption=\"\" title=\"\"><img decoding=\"async\" loading=\"lazy\" class=\"aligncenter size-medium wp-image-3201\" src=\"https:\/\/i0.wp.com\/www.marionetrenaud.fr\/tdm\/wp-content\/uploads\/2015\/10\/Masaya-enfants-2.jpg?resize=500%2C332\" alt=\"Masaya enfants 2\" width=\"500\" height=\"332\" srcset=\"https:\/\/i0.wp.com\/www.marionetrenaud.fr\/tdm\/wp-content\/uploads\/2015\/10\/Masaya-enfants-2.jpg?resize=500%2C332 500w, https:\/\/i0.wp.com\/www.marionetrenaud.fr\/tdm\/wp-content\/uploads\/2015\/10\/Masaya-enfants-2.jpg?resize=1024%2C680 1024w, https:\/\/i0.wp.com\/www.marionetrenaud.fr\/tdm\/wp-content\/uploads\/2015\/10\/Masaya-enfants-2.jpg?w=1280 1280w\" sizes=\"(max-width: 500px) 100vw, 500px\" data-recalc-dims=\"1\" \/><\/a><\/p>\n<p style=\"text-align: center;\"><a href=\"https:\/\/i1.wp.com\/www.marionetrenaud.fr\/tdm\/wp-content\/uploads\/2015\/10\/Masaya-enfants-1.jpg\" data-rel=\"lightbox-gallery-jqDq3lYG\" data-rl_title=\"\" data-rl_caption=\"\" title=\"\"><img decoding=\"async\" loading=\"lazy\" class=\"aligncenter size-medium wp-image-3202\" src=\"https:\/\/i1.wp.com\/www.marionetrenaud.fr\/tdm\/wp-content\/uploads\/2015\/10\/Masaya-enfants-1.jpg?resize=500%2C332\" alt=\"Masaya enfants 1\" width=\"500\" height=\"332\" srcset=\"https:\/\/i1.wp.com\/www.marionetrenaud.fr\/tdm\/wp-content\/uploads\/2015\/10\/Masaya-enfants-1.jpg?resize=500%2C332 500w, https:\/\/i1.wp.com\/www.marionetrenaud.fr\/tdm\/wp-content\/uploads\/2015\/10\/Masaya-enfants-1.jpg?resize=1024%2C680 1024w, https:\/\/i1.wp.com\/www.marionetrenaud.fr\/tdm\/wp-content\/uploads\/2015\/10\/Masaya-enfants-1.jpg?w=1280 1280w\" sizes=\"(max-width: 500px) 100vw, 500px\" data-recalc-dims=\"1\" \/><\/a><\/p>\n<p style=\"text-align: justify;\"><span style=\"text-decoration: underline; font-size: 12pt;\"><strong>A la d\u00e9couverte du crat\u00e8re fumant du volcan Masaya<\/strong><\/span><\/p>\n<p style=\"text-align: justify;\">Nous profitons \u00e9galement de notre passage \u00e0 Masaya pour monter la journ\u00e9e suivante au volcan du m\u00eame nom, situ\u00e9 \u00e0 quelques kilom\u00e8tres de l\u00e0. Le <strong>volcan Masaya<\/strong> est l&rsquo;<strong>un des volcans les plus actifs<\/strong> du Nicaragua. Sa derni\u00e8re \u00e9ruption date d&rsquo;ailleurs de 2008. C&rsquo;est en bus et de bon matin que nous nous rendons \u00e0 l&rsquo;entr\u00e9e du parc national. Le parc ouvre \u00e0 9h, nous arrivons \u00e0 9h. Parfait! Mais pas de bol, le gardien nous dit que le personnel du parc est en r\u00e9union depuis 8h et que cette derni\u00e8re n&rsquo;est pas encore finie. Le parc ouvrira donc ses portes quand la r\u00e9union sera termin\u00e9e&#8230; C&rsquo;est donc tranquillement, 1 heure plus tard, \u00e0 10h, comme si de rien n&rsquo;\u00e9tait que la r\u00e9union s&rsquo;acheva et que le personnel du parc prit son poste. L&rsquo;entr\u00e9e du parc co\u00fbte 100 cordobas et pour 100 cordobas de plus une navette peut nous emmener au pied du crat\u00e8re et nous ramener 2h plus tard, nous \u00e9vitant de parcourir les quelques kilom\u00e8tres qui s\u00e9parent l&rsquo;entr\u00e9e du parc du crat\u00e8re fumant. 100 cordobas ou marcher 3h aller-retour, notre choix f\u00fbt vite fait. Nous marcherons ! Apr\u00e8s 10 min une premi\u00e8re voiture passe (il est \u00e9galement possible d&rsquo;atteindre le haut du volcan avec son propre v\u00e9hicule). Je fais donc mon plus joli sourire, fais un coucou de la main et banco, le conducteur s&rsquo;arr\u00eate! 30 sec plus tard, nous voici install\u00e9s dans sa voiture ! Arriv\u00e9s en haut, \u00e0 peine la porti\u00e8re ouverte, nous sommes g\u00ean\u00e9s par la fum\u00e9e qui se d\u00e9gage du crat\u00e8re. Mais le paysage est spectaculaire ! C&rsquo;est la premi\u00e8re fois que nous observons le crat\u00e8re fumant d&rsquo;un volcan d&rsquo;aussi pr\u00e8s. Nous restons 5 min sur place, faisons quelques photos et quelques vid\u00e9os puis reprenons notre souffle plus loin en partant nous balader aux alentours du crat\u00e8re. Plus loin, il est possible de faire le tour d&rsquo;un autre crat\u00e8re form\u00e9 par une pr\u00e9c\u00e9dente \u00e9ruption. A l&rsquo;arri\u00e8re du crat\u00e8re, le chemin n&rsquo;est pas vraiment indiqu\u00e9, nous nous enfon\u00e7ons dans de hautes herbes pensant m\u00eame par moment \u00eatre perdus&#8230; Finalement nous arriverons \u00e0 retrouver notre chemin et regagnons le crat\u00e8re fumant. La fum\u00e9e m&#8217;emp\u00eache de rester plus longtemps, je m&rsquo;\u00e9loigne donc sans tarder pendant que Renaud fait quelques derni\u00e8res vid\u00e9os. Vers 13h00 et apr\u00e8s avoir manger notre petit pique-nique, nous entamons la descente. Le ciel se couvre et devient mena\u00e7ant et apr\u00e8s 30 petites minutes de marche, la pluie s&rsquo;abat sur nous ! Par chance, la navette payante du parc passe \u00e0 ce moment-l\u00e0 et le chauffeur nous invite \u00e0 monter pour nous ramener jusqu&rsquo;\u00e0 l&rsquo;entr\u00e9e du parc. Se faire prendre en stop par la navette payante du parc&#8230; Ils sont trop gentils ces Nicaragueyens.<\/p>\n<p style=\"text-align: justify;\"><a href=\"https:\/\/i2.wp.com\/www.marionetrenaud.fr\/tdm\/wp-content\/uploads\/2015\/10\/Volcan-Masaya-6.jpg\" data-rel=\"lightbox-gallery-jqDq3lYG\" data-rl_title=\"\" data-rl_caption=\"\" title=\"\"><img decoding=\"async\" loading=\"lazy\" class=\"aligncenter size-medium wp-image-3208\" src=\"https:\/\/i2.wp.com\/www.marionetrenaud.fr\/tdm\/wp-content\/uploads\/2015\/10\/Volcan-Masaya-6.jpg?resize=500%2C332\" alt=\"Volcan Masaya 6\" width=\"500\" height=\"332\" srcset=\"https:\/\/i2.wp.com\/www.marionetrenaud.fr\/tdm\/wp-content\/uploads\/2015\/10\/Volcan-Masaya-6.jpg?resize=500%2C332 500w, https:\/\/i2.wp.com\/www.marionetrenaud.fr\/tdm\/wp-content\/uploads\/2015\/10\/Volcan-Masaya-6.jpg?resize=1024%2C680 1024w, https:\/\/i2.wp.com\/www.marionetrenaud.fr\/tdm\/wp-content\/uploads\/2015\/10\/Volcan-Masaya-6.jpg?w=1280 1280w\" sizes=\"(max-width: 500px) 100vw, 500px\" data-recalc-dims=\"1\" \/><\/a><\/p>\n<p style=\"text-align: justify;\"><a href=\"https:\/\/i1.wp.com\/www.marionetrenaud.fr\/tdm\/wp-content\/uploads\/2015\/10\/Volcan-Masaya-5.jpg\" data-rel=\"lightbox-gallery-jqDq3lYG\" data-rl_title=\"\" data-rl_caption=\"\" title=\"\"><img decoding=\"async\" loading=\"lazy\" class=\"aligncenter size-medium wp-image-3209\" src=\"https:\/\/i1.wp.com\/www.marionetrenaud.fr\/tdm\/wp-content\/uploads\/2015\/10\/Volcan-Masaya-5.jpg?resize=332%2C500\" alt=\"Volcan Masaya 5\" width=\"332\" height=\"500\" srcset=\"https:\/\/i1.wp.com\/www.marionetrenaud.fr\/tdm\/wp-content\/uploads\/2015\/10\/Volcan-Masaya-5.jpg?resize=332%2C500 332w, https:\/\/i1.wp.com\/www.marionetrenaud.fr\/tdm\/wp-content\/uploads\/2015\/10\/Volcan-Masaya-5.jpg?resize=680%2C1024 680w, https:\/\/i1.wp.com\/www.marionetrenaud.fr\/tdm\/wp-content\/uploads\/2015\/10\/Volcan-Masaya-5.jpg?w=850 850w\" sizes=\"(max-width: 332px) 100vw, 332px\" data-recalc-dims=\"1\" \/><\/a><\/p>\n<p style=\"text-align: center;\"><em>le crat\u00e8re du volcan Masaya<\/em><\/p>\n<p style=\"text-align: center;\"><a href=\"https:\/\/i1.wp.com\/www.marionetrenaud.fr\/tdm\/wp-content\/uploads\/2015\/10\/Volcan-Masaya-4.jpg\" data-rel=\"lightbox-gallery-jqDq3lYG\" data-rl_title=\"\" data-rl_caption=\"\" title=\"\"><img decoding=\"async\" loading=\"lazy\" class=\"aligncenter size-medium wp-image-3210\" src=\"https:\/\/i1.wp.com\/www.marionetrenaud.fr\/tdm\/wp-content\/uploads\/2015\/10\/Volcan-Masaya-4.jpg?resize=500%2C332\" alt=\"Volcan Masaya 4\" width=\"500\" height=\"332\" srcset=\"https:\/\/i1.wp.com\/www.marionetrenaud.fr\/tdm\/wp-content\/uploads\/2015\/10\/Volcan-Masaya-4.jpg?resize=500%2C332 500w, https:\/\/i1.wp.com\/www.marionetrenaud.fr\/tdm\/wp-content\/uploads\/2015\/10\/Volcan-Masaya-4.jpg?resize=1024%2C680 1024w, https:\/\/i1.wp.com\/www.marionetrenaud.fr\/tdm\/wp-content\/uploads\/2015\/10\/Volcan-Masaya-4.jpg?w=1280 1280w\" sizes=\"(max-width: 500px) 100vw, 500px\" data-recalc-dims=\"1\" \/><\/a><\/p>\n<p style=\"text-align: center;\"><a href=\"https:\/\/i0.wp.com\/www.marionetrenaud.fr\/tdm\/wp-content\/uploads\/2015\/10\/G0088174_1.jpg\" data-rel=\"lightbox-gallery-jqDq3lYG\" data-rl_title=\"\" data-rl_caption=\"\" title=\"\"><img decoding=\"async\" loading=\"lazy\" class=\"aligncenter size-medium wp-image-3216\" src=\"https:\/\/i0.wp.com\/www.marionetrenaud.fr\/tdm\/wp-content\/uploads\/2015\/10\/G0088174_1.jpg?resize=500%2C417\" alt=\"DCIM100GOPROG0088174.\" width=\"500\" height=\"417\" srcset=\"https:\/\/i0.wp.com\/www.marionetrenaud.fr\/tdm\/wp-content\/uploads\/2015\/10\/G0088174_1.jpg?resize=500%2C417 500w, https:\/\/i0.wp.com\/www.marionetrenaud.fr\/tdm\/wp-content\/uploads\/2015\/10\/G0088174_1.jpg?resize=1024%2C854 1024w, https:\/\/i0.wp.com\/www.marionetrenaud.fr\/tdm\/wp-content\/uploads\/2015\/10\/G0088174_1.jpg?w=2000 2000w, https:\/\/i0.wp.com\/www.marionetrenaud.fr\/tdm\/wp-content\/uploads\/2015\/10\/G0088174_1.jpg?w=3000 3000w\" sizes=\"(max-width: 500px) 100vw, 500px\" data-recalc-dims=\"1\" \/><\/a><\/p>\n<p style=\"text-align: center;\"><a href=\"https:\/\/i0.wp.com\/www.marionetrenaud.fr\/tdm\/wp-content\/uploads\/2015\/10\/Volcan-Masaya-3.jpg\" data-rel=\"lightbox-gallery-jqDq3lYG\" data-rl_title=\"\" data-rl_caption=\"\" title=\"\"><img decoding=\"async\" loading=\"lazy\" class=\"aligncenter size-medium wp-image-3211\" src=\"https:\/\/i0.wp.com\/www.marionetrenaud.fr\/tdm\/wp-content\/uploads\/2015\/10\/Volcan-Masaya-3.jpg?resize=500%2C332\" alt=\"Volcan Masaya 3\" width=\"500\" height=\"332\" srcset=\"https:\/\/i0.wp.com\/www.marionetrenaud.fr\/tdm\/wp-content\/uploads\/2015\/10\/Volcan-Masaya-3.jpg?resize=500%2C332 500w, https:\/\/i0.wp.com\/www.marionetrenaud.fr\/tdm\/wp-content\/uploads\/2015\/10\/Volcan-Masaya-3.jpg?resize=1024%2C680 1024w, https:\/\/i0.wp.com\/www.marionetrenaud.fr\/tdm\/wp-content\/uploads\/2015\/10\/Volcan-Masaya-3.jpg?w=1280 1280w\" sizes=\"(max-width: 500px) 100vw, 500px\" data-recalc-dims=\"1\" \/><\/a><\/p>\n<p style=\"text-align: center;\"><em>le second crat\u00e8re que nous avons visit\u00e9<\/em><\/p>\n<p style=\"text-align: center;\"><a href=\"https:\/\/i2.wp.com\/www.marionetrenaud.fr\/tdm\/wp-content\/uploads\/2015\/10\/Laguna-de-Masaya.jpg\" data-rel=\"lightbox-gallery-jqDq3lYG\" data-rl_title=\"\" data-rl_caption=\"\" title=\"\"><img decoding=\"async\" loading=\"lazy\" class=\"aligncenter size-medium wp-image-3214\" src=\"https:\/\/i2.wp.com\/www.marionetrenaud.fr\/tdm\/wp-content\/uploads\/2015\/10\/Laguna-de-Masaya.jpg?resize=500%2C332\" alt=\"Laguna de Masaya\" width=\"500\" height=\"332\" srcset=\"https:\/\/i2.wp.com\/www.marionetrenaud.fr\/tdm\/wp-content\/uploads\/2015\/10\/Laguna-de-Masaya.jpg?resize=500%2C332 500w, https:\/\/i2.wp.com\/www.marionetrenaud.fr\/tdm\/wp-content\/uploads\/2015\/10\/Laguna-de-Masaya.jpg?resize=1024%2C680 1024w, https:\/\/i2.wp.com\/www.marionetrenaud.fr\/tdm\/wp-content\/uploads\/2015\/10\/Laguna-de-Masaya.jpg?w=1280 1280w\" sizes=\"(max-width: 500px) 100vw, 500px\" data-recalc-dims=\"1\" \/><\/a><\/p>\n<p style=\"text-align: center;\"><em>la laguna de Masaya aper\u00e7ue depuis le second crat\u00e8re<\/em><\/p>\n<p style=\"text-align: justify;\">Apr\u00e8s 3 petites journ\u00e9es pass\u00e9es \u00e0 Masaya, il est temps pour nous de poursuivre notre route en <strong>direction de Leon<\/strong>.<\/p>\n<blockquote>\n<p style=\"text-align: justify;\"><span style=\"font-size: 12pt;\"><strong>Les astuces de M &amp; R<\/strong><\/span><\/p>\n<ul>\n<li style=\"text-align: justify;\"><em><span style=\"text-decoration: underline;\">bateau de Moyogalpa \u00e0 San Jorge del Sur :<\/span><\/em> nous avons pris le <strong>ferry \u00e0 10h30<\/strong> (<strong>50 C$<\/strong> par personne) et sommes arriv\u00e9s vers 11h30 \u00e0 San Jorge del Sur.<\/li>\n<li style=\"text-align: justify;\"><span style=\"text-decoration: underline;\"><em>bus de San Jorge del Sur \u00e0 Masaya :<\/em><\/span> un bus attendait sur place pour se rendre \u00e0 Managua tout en passant par Masaya. Le bus nous a d\u00e9pos\u00e9 sur le bord de la route principal, un peu plus loin que le terminal des bus de Masaya. Le bus est parti \u00e0 <strong>12h30<\/strong> et nous avons pay\u00e9 <strong>50 C$<\/strong> par personne.<\/li>\n<li style=\"text-align: justify;\"><span style=\"text-decoration: underline;\"><em>h\u00e9bergement \u00e0 Masaya :<\/em><\/span> la ville n&rsquo;offre pas beaucoup d&rsquo;h\u00e9bergement, peu importe le budget. Nous avons \u00e9t\u00e9 \u00e0 l&rsquo;<strong>Hotel Central<\/strong> et avons pay\u00e9 <strong>270 C$ par nuit<\/strong>.<\/li>\n<li style=\"text-align: justify;\"><span style=\"text-decoration: underline;\"><em>bus de Masaya \u00e0 la Laguna de Apoyo :<\/em><\/span> notre bus nous a d\u00e9pos\u00e9 en haut du crat\u00e8re de la lagune et nous avons donc d\u00fb marcher les 2-3 km restants. Le trajet co\u00fbte <strong>8 C$ par personne<\/strong> pour <strong>environ 45 minutes<\/strong>. Au retour, nous avons pu prendre le bus directement devant l&rsquo;Hotel Paradisio et avons pay\u00e9 <strong>13 C$ par personne<\/strong> jusque Masaya.<\/li>\n<li style=\"text-align: justify;\"><span style=\"text-decoration: underline;\"><em>pour acc\u00e9der \u00e0 la Laguna de Apoyo :<\/em><\/span> nous avons \u00e9t\u00e9 \u00e0 l&rsquo;<strong>Hotel Paradisio<\/strong> et avons n\u00e9goci\u00e9 l&rsquo;entr\u00e9e journali\u00e8re \u00e0 <strong>4 USD par personne<\/strong>. L&rsquo;endroit est vraiment super sympa !<\/li>\n<li style=\"text-align: justify;\"><span style=\"text-decoration: underline;\"><em>acc\u00e8s au volcan Masaya :<\/em><\/span> l&rsquo;entr\u00e9e du site est situ\u00e9e sur la route pour Managua. Vous pouvez donc prendre <strong>n&rsquo;importe quel bus pour Managua<\/strong> depuis Masaya et pr\u00e9cisez que vous voulez vous rendre au volcan. Nous avons pay\u00e9 <strong>10 C$ par personne<\/strong> pour le trajet. L&rsquo;entr\u00e9e au site co\u00fbte <strong>100 C$ par personne<\/strong> et il faut payer en plus (100 C$) pour avoir acc\u00e8s aux navettes qui vous emm\u00e8nent au crat\u00e8re. Il est en revanche possible de faire du stop pour monter et\/ou descendre.<\/li>\n<\/ul>\n<\/blockquote>\n<p style=\"text-align: justify;\"><span style=\"text-decoration: underline;\">O\u00f9 se trouve Masaya ?<\/span><\/p>\n<p style=\"text-align: justify;\"><div id='mapp0-layout' class='mapp-layout mapp-left mapp-leaflet  mapp-align-center' style='width: 425px;'><div class='mapp-wrapper' style='height: 350px' ><div class='mapp-main'><div class='mapp-canvas-panel'><div class='mapp-canvas' id='mapp0'><\/div><div class='mapp-controls'><\/div><div class='mapp-iw'><\/div><div class='mapp-dialog'><\/div><\/div><\/div><\/div><div class='mapp-directions'><span class='mapp-close' data-mapp-action='dir-cancel'><\/span><div><input class='mapp-dir-addr mapp-dir-saddr' tabindex='1'\/><span data-mapp-action='dir-swap' class='mapp-dir-arrows'><\/span><\/div><div><input class='mapp-dir-addr mapp-dir-daddr' tabindex='2'\/><\/div><div class='mapp-dir-toolbar'><span class='mapp-button-submit' data-mapp-action='dir-get'>Itin\u00e9raires<\/span><span class='mapp-spinner'><\/span><\/div><div class='mapp-dir-renderer'><\/div><\/div><\/div><\/p>\n","protected":false},"excerpt":{"rendered":"<p>Nouvelle \u00e9tape de notre d\u00e9couverte du Nicaragua, nous voici en route pour la ville de Masaya, point de chute pour l&rsquo;ascension du bien nomm\u00e9 volcan Masaya. Un trajet durant lequel nous aurons pass\u00e9 presque autant de temps \u00e0 attendre qu&rsquo;\u00e0 avancer ! 30 min d&rsquo;attente pour 1h de bus pour relier Altagracia (au centre de [&hellip;]<\/p>\n","protected":false},"author":1,"featured_media":3212,"comment_status":"open","ping_status":"open","sticky":false,"template":"","format":"standard","meta":{"sharing_disabled":false,"switch_like_status":false,"spay_email":"","jetpack_publicize_message":""},"categories":[20],"tags":[],"jetpack_featured_media_url":"https:\/\/i2.wp.com\/www.marionetrenaud.fr\/tdm\/wp-content\/uploads\/2015\/10\/Volcan-Masaya-2.jpg?fit=1280%2C850","jetpack_publicize_connections":[],"jetpack_shortlink":"https:\/\/wp.me\/p4XfH7-PT","_links":{"self":[{"href":"http:\/\/www.marionetrenaud.fr\/tdm\/wp-json\/wp\/v2\/posts\/3217"}],"collection":[{"href":"http:\/\/www.marionetrenaud.fr\/tdm\/wp-json\/wp\/v2\/posts"}],"about":[{"href":"http:\/\/www.marionetrenaud.fr\/tdm\/wp-json\/wp\/v2\/types\/post"}],"author":[{"embeddable":true,"href":"http:\/\/www.marionetrenaud.fr\/tdm\/wp-json\/wp\/v2\/users\/1"}],"replies":[{"embeddable":true,"href":"http:\/\/www.marionetrenaud.fr\/tdm\/wp-json\/wp\/v2\/comments?post=3217"}],"version-history":[{"count":2,"href":"http:\/\/www.marionetrenaud.fr\/tdm\/wp-json\/wp\/v2\/posts\/3217\/revisions"}],"predecessor-version":[{"id":3219,"href":"http:\/\/www.marionetrenaud.fr\/tdm\/wp-json\/wp\/v2\/posts\/3217\/revisions\/3219"}],"wp:featuredmedia":[{"embeddable":true,"href":"http:\/\/www.marionetrenaud.fr\/tdm\/wp-json\/wp\/v2\/media\/3212"}],"wp:attachment":[{"href":"http:\/\/www.marionetrenaud.fr\/tdm\/wp-json\/wp\/v2\/media?parent=3217"}],"wp:term":[{"taxonomy":"category","embeddable":true,"href":"http:\/\/www.marionetrenaud.fr\/tdm\/wp-json\/wp\/v2\/categories?post=3217"},{"taxonomy":"post_tag","embeddable":true,"href":"http:\/\/www.marionetrenaud.fr\/tdm\/wp-json\/wp\/v2\/tags?post=3217"}],"curies":[{"name":"wp","href":"https:\/\/api.w.org\/{rel}","templated":true}]}}